{"id":1004,"date":"2024-03-27T07:39:49","date_gmt":"2024-03-27T07:39:49","guid":{"rendered":"https:\/\/zeus-senjar.hr\/web2\/?p=1004"},"modified":"2024-03-27T07:43:14","modified_gmt":"2024-03-27T07:43:14","slug":"poziv-na-predstavljanje-projekta-i-provedenih-radova-obnove-rijeke-drave-na-podrucju-opcine-donja-dubrava","status":"publish","type":"post","link":"https:\/\/zeus-senjar.hr\/web2\/index.php\/2024\/03\/27\/poziv-na-predstavljanje-projekta-i-provedenih-radova-obnove-rijeke-drave-na-podrucju-opcine-donja-dubrava\/","title":{"rendered":"Poziv na predstavljanje projekta i provedenih radova obnove rijeke Drave na podru\u010dju Op\u0107ine Donja Dubrava"},"content":{"rendered":"<p>Po\u0161tovani,<br \/>\nzadovoljstvo nam je pozvati Vas u ime projektnog tima (Hrvatske vode, WWF Austrija, Zeleni Osijek, JU za upravljanje za\u0161ti\u0107enim dijelovima prirode i ekolo\u0161kom mre\u017eom Viroviti\u010dko \u2013 podravske \u017eupanije, JU za upravljanje za\u0161ti\u0107enim dijelovima prirode Vara\u017edinske \u017eupanije, JU za upravljanje za\u0161ti\u0107enim dijelovima prirode na podru\u010dju Koprivni\u010dko \u2013 kri\u017eeva\u010dke \u017eupanije) DRAVA LIFE projekta na predstavljanje projekta i radova obnove rijeke Drave na podru\u010dju op\u0107ine Donja Dubrava.<br \/>\nPredstavljanje \u0107e se odr\u017eati u \u010detvrtak , 11. travnja 2024. u 17,00 sati u Donjoj Dubravi (Dom kulture Zalan, Trg Republike 6) &#8211; Prostorije KUD-a Selja\u010dka Sloga.<\/p>\n<p>Svi zainteresirani ste dobrodo\u0161li!<\/p>\n<p>Detaljnije u prilo\u017eenom dokumentu:<\/p>\n<p><a href=\"https:\/\/zeus-senjar.hr\/web2\/wp-content\/uploads\/2024\/03\/DravaLife.jpg\"><img loading=\"lazy\" class=\"aligncenter size-medium wp-image-1005\" src=\"https:\/\/zeus-senjar.hr\/web2\/wp-content\/uploads\/2024\/03\/DravaLife-232x300.jpg\" alt=\"\" width=\"232\" height=\"300\" srcset=\"https:\/\/zeus-senjar.hr\/web2\/wp-content\/uploads\/2024\/03\/DravaLife-232x300.jpg 232w, https:\/\/zeus-senjar.hr\/web2\/wp-content\/uploads\/2024\/03\/DravaLife.jpg 721w\" sizes=\"(max-width: 232px) 100vw, 232px\" \/><\/a><\/p>\n","protected":false},"excerpt":{"rendered":"<p>Po\u0161tovani, zadovoljstvo nam je pozvati Vas u ime projektnog tima (Hrvatske vode, WWF Austrija, Zeleni Osijek, JU za upravljanje za\u0161ti\u0107enim dijelovima prirode i ekolo\u0161kom mre\u017eom Viroviti\u010dko \u2013 podravske \u017eupanije, JU za upravljanje za\u0161ti\u0107enim dijelovima prirode Vara\u017edinske \u017eupanije, JU za upravljanje za\u0161ti\u0107enim dijelovima prirode na podru\u010dju Koprivni\u010dko \u2013 kri\u017eeva\u010dke \u017eupanije) DRAVA LIFE projekta na predstavljanje projekta<\/p>\n<div class='read-more-button'><a class='read-more-link' href='https:\/\/zeus-senjar.hr\/web2\/index.php\/2024\/03\/27\/poziv-na-predstavljanje-projekta-i-provedenih-radova-obnove-rijeke-drave-na-podrucju-opcine-donja-dubrava\/' style='border: 1px solid #2eae37'>Pro\u010ditaj vi\u0161e&#8230;<\/a><\/div>\n","protected":false},"author":1,"featured_media":1008,"comment_status":"open","ping_status":"open","sticky":false,"template":"","format":"standard","meta":[],"categories":[1],"tags":[20],"_links":{"self":[{"href":"https:\/\/zeus-senjar.hr\/web2\/index.php\/wp-json\/wp\/v2\/posts\/1004"}],"collection":[{"href":"https:\/\/zeus-senjar.hr\/web2\/index.php\/wp-json\/wp\/v2\/posts"}],"about":[{"href":"https:\/\/zeus-senjar.hr\/web2\/index.php\/wp-json\/wp\/v2\/types\/post"}],"author":[{"embeddable":true,"href":"https:\/\/zeus-senjar.hr\/web2\/index.php\/wp-json\/wp\/v2\/users\/1"}],"replies":[{"embeddable":true,"href":"https:\/\/zeus-senjar.hr\/web2\/index.php\/wp-json\/wp\/v2\/comments?post=1004"}],"version-history":[{"count":3,"href":"https:\/\/zeus-senjar.hr\/web2\/index.php\/wp-json\/wp\/v2\/posts\/1004\/revisions"}],"predecessor-version":[{"id":1009,"href":"https:\/\/zeus-senjar.hr\/web2\/index.php\/wp-json\/wp\/v2\/posts\/1004\/revisions\/1009"}],"wp:featuredmedia":[{"embeddable":true,"href":"https:\/\/zeus-senjar.hr\/web2\/index.php\/wp-json\/wp\/v2\/media\/1008"}],"wp:attachment":[{"href":"https:\/\/zeus-senjar.hr\/web2\/index.php\/wp-json\/wp\/v2\/media?parent=1004"}],"wp:term":[{"taxonomy":"category","embeddable":true,"href":"https:\/\/zeus-senjar.hr\/web2\/index.php\/wp-json\/wp\/v2\/categories?post=1004"},{"taxonomy":"post_tag","embeddable":true,"href":"https:\/\/zeus-senjar.hr\/web2\/index.php\/wp-json\/wp\/v2\/tags?post=1004"}],"curies":[{"name":"wp","href":"https:\/\/api.w.org\/{rel}","templated":true}]}}