{"id":161,"date":"2017-06-04T21:10:09","date_gmt":"2017-06-04T19:10:09","guid":{"rendered":"http:\/\/zeus-senjar.hr\/?p=161"},"modified":"2021-02-28T12:03:39","modified_gmt":"2021-02-28T12:03:39","slug":"izvjestaj-o-aktivnostima-udruge","status":"publish","type":"post","link":"https:\/\/zeus-senjar.hr\/web2\/index.php\/2017\/06\/04\/izvjestaj-o-aktivnostima-udruge\/","title":{"rendered":"Izvje\u0161taj o aktivnostima udruge"},"content":{"rendered":"<p><strong>Izvje\u0161taj o aktivnostima udruge u 2016. godini<\/strong><\/p>\n<p>U razdoblju od zadnje skup\u0161tine, koju smo odr\u017eali u o\u017eujku 2016. godine, mo\u017eemo se pohvaliti\u00a0odli\u010dnim anga\u017emanom i postignu\u0107ima. \u0160to smo sve radili prethodne godine?<\/p>\n<p>U radu Udruge zna\u010dajan je anga\u017eman u kampanji Svjetske organizacije za za\u0161titu prirode, WWF, pod nazivom\u00a0<strong><em>Bregunica \u2013 ptica 2016. godine<\/em><\/strong>, u sklopu koje je ZEUS bio doma\u0107in kod akcije \u010di\u0161\u0107enja obala na dvije lokacije kod Donje Dubrave. Proveli smo i edukaciju djece u O\u0160 Donja Dubrava i O\u0160 Jo\u017ee Horvata Kotoriba. Nakon edukacije, slijedio je monitoring ptica na lokalitetima uz Dravu. O\u0160 Donja Dubrava sudjelovala je u monitoringu u Libanovcu, a za O\u0160 Kotoriba organizirali smo monitoring kod Donje Dubrave. Uz veliki zajedni\u010dki trud da osiguramo siguran povratak iz Afrike i gnije\u017e\u0111enje tih ptica na obalama Drave, ponosni smo na rezultat &#8211; osigurana su stani\u0161ta za bregunice bila popunjena populacijama bregunica.<\/p>\n<p>Uklju\u010dili smo se i u\u00a0<strong>Zelenu \u010distku<\/strong>, akciju \u010di\u0161\u0107enja prirode u koju se uklju\u010dujemo svake godine. Na\u0161u dionicu oko dubravskog mosta ponovo smo o\u010di\u0161tili od sme\u0107a i ostavili je \u010distom i privla\u010dnom za biljni i \u017eivotinjski svijet, ali i za na\u0161e \u0161etnje ili druge aktivnosti.<\/p>\n<p>Sudjelovali smo i u\u00a0<strong>projektu\u00a0<em>Skitnje med Murom i Dravom<\/em><\/strong>\u00a0&#8211; u\u010denike Srednje \u0161kole \u010cakovec uz mentora Mladena Totu u dvodnevnom smo dru\u017eenju proveli po starom toku Drave. U\u010denici su prou\u010davali kemijski sastav vode, floru i faunu, a nakon spusta isprobali su kako je to spavati pod vedrim nebom uz \u0161um rijeke. Zahvalnih lica i s odu\u0161evljenjem u srcu, odlu\u010dili su da im ovo ne smije biti zadnji put da su na Dravi.<\/p>\n<p>Imali smo i edukativne aktivnosti u \u0161koli: u radionici s u\u010denicima O\u0160 Donja Dubrava izra\u0111eni je\u00a0<strong>hotel za kukce<\/strong>. Radionicu su vodili Ana Perc i Kristijan Perli\u0107 i u\u010denicima prilikom gradnje pokazali kako u svoje dvori\u0161te privu\u0107i korisne kukce, koji su u posljednje vrijeme toliko ugro\u017eeni uporabom pesticida.<\/p>\n<p>Oni najmarljiviji \u010dlanovi Udruge su na prolje\u0107e i ponovo na jesen zasukali rukave i u radnim akcijama na\u00a0<strong>dubravskoj Karauli<\/strong>\u00a0uredili na\u0161 dio terena i pripremili ga za velike planove: budu\u0107i kamp, ku\u0107ica izgra\u0111ena od prirodnih materijala, vo\u0107njak sa starinskim vrstama, \u0161kola u prirodi ili pak samo dru\u017eenja zaljubljenika u prirodu \u2013 puni smo ideja. U nedavno vrijeme za Karaulu smo dogovorili i detaljnije planove izgleda terena.<\/p>\n<p>Nakon toga su zapo\u010deli\u00a0<strong>spustevi\u00a0<\/strong>rijekom Dravom, uglavnom u dionicama od HE Dubrava do Donje Dubrave ili pak sve do Legrada. U te smo vodene aktivnosti redovito uklju\u010divali vanjske ljude, amatere i zaljubljenike u prirodu, turiste iz bliskih i dalekih zemalja i ostale. Prou\u010davali smo promjene, tokove, mrtvice i pritoke, biljke i \u017eivotinjski svijet, obale i drugo.<\/p>\n<p>U srpnju smo obilje\u017eili Dan europske Amazone dosad najve\u0107im izborom aktivnosti. Obilje\u017eavanje tog dana je potrajalo tri dana, tijekom kojih smo odr\u017eali ljetno kino pod zvijezdama u dvori\u0161tu Zalana, edukativno predavanje o mitologiji Drave u izvedbi Janje Kova\u010d i \u0161kolu veslanja u \u010damcu i kajaku na \u0160oderici. Osim toga, zahvaljuju\u0107i otvorenosti i susretljivosti voditelja folklora, odr\u017eali smo edukacije o rijeci Dravi u dje\u010djim folklornim skupinama Donje Dubrave, Donjeg Vidovca i Legrada. Glavno obilje\u017eavanje Dana europske Amazone bilo je 10. srpnja 2016. &#8211;\u00a0<strong>Big Jump<\/strong>\u00a0ili Veliki skok u rijeku Dravu, tradicionalno organiziran na pla\u017ei Sip u Legradu. Prilikom te manifestacije, osim zajedni\u010dkog skoka u rijeku svih okupljenih, organizirali smo spust starim tokom Drave do Legrada, sportske igre na pla\u017ei, prijevoz \u010damcima Vidovskih zlatara na razgledavanje prirodnog fenomena &#8211; novonastalog u\u0161\u0107a Mure i Drave, a za sve okupljene pripremili smo grah.<\/p>\n<p>Jo\u0161 jednom smo uspostavili dobru suradnju s poznatim biologom i suradnikom Udruge, Goranom \u0160afarekom.\u00a0<strong>Izlo\u017ebu fotografija<\/strong>\u00a0velikog formata postavili smo u caffe baru \u02ddStop\u02dd, a prilikom Dana Op\u0107ine Donja Dubrava preselili smo je u Info centar. U caffe baru Stop tada smo postavili drugu izlo\u017ebu &#8211; fotografski pregled svih dosada\u0161njih aktivnosti i ostvarenja na\u0161e Udruge od po\u010detka djelovanja.<\/p>\n<p>S krajem ljeta nije do\u0161ao kraj i na\u0161im aktivnostima &#8211; 24. rujna odr\u017ean je\u00a0<strong>humanitarni spust po Dravi s udrugom Prvi korak<\/strong>\u00a0s ciljem podizanje svijesti o va\u017enosti integracije djece s te\u0161ko\u0107ama u razvoju pred\u0161kolske dobi. Veliki odaziv i zadovoljstvo sudionika zagarantirali su da \u0107e se ovaj doga\u0111aj ponoviti.<\/p>\n<p>Zna\u010dajan je i\u00a0<strong>monitoring pti\u010djih vrsta Me\u0111imurja<\/strong>\u00a0koji radimo ve\u0107 17 godina u suradnji s Dru\u0161tvom za opa\u017eanje i prou\u010davanje ptica Slovenije (DOPPS) i javnom ustanovom Park prirode Kopa\u010dki rit. Ove godine tu smo aktivnost digli na vi\u0161u razinu sudjeluju\u0107i u EuroBirdwatch danu, najve\u0107em doga\u0111aju u organizaciji BirdLife partnera u Europi. Tijekom vikenda 1. i 2. listopada odr\u017eali smo dvodnevnu radionicu promatranja ptica na dvije lokacije: Veliki Pa\u017eut (voditelj Goran \u010ci\u017eme\u0161ija) i Marina kod Preloga (voditelj Luka Hercigonja).<\/p>\n<p>Kako je Goran dobio ulogu koordinatora za promatranje ptica na podru\u010dju sjeverne Hrvatske, pravi je dokaz da se ulo\u017eeni trud isplatio. U sije\u010dnju su se ptice ponovo prebrojavale te smo zaslu\u017eni za dobivanje novih podataka o brojnosti ptica mo\u010dvarica na podru\u010dju uz Muru i Dravu. Pobrojano je 60.000 ptica, me\u0111u njima i nekoliko rijetkih vrsta.<\/p>\n<p>Sudjelovali smo na Danu otvorenih vrata udruge Biovrt, posjetili smo Dane meda u Prelogu, bili smo na znanstvenom skupu o rijeci Dravi u Koprivnici, oku\u0161ali smo se i u veslanju na natjecanju u organizaciji Fljojsara, a na Danima ljuka u Donjoj Dubravi smo izlo\u017eili svoje ru\u010dne radove i publikacije te predstavili svoj rad svim posjetiteljima. Postavili smo i novu web stranicu Udruge.<\/p>\n<p>Izdani je i novi\u00a0<strong>\u010dasopis Udruge<\/strong>\u00a0u prosincu 2016., 12. broj po redu, na kojem su radili vrijedni \u010dlanovi Zeusa.<\/p>\n<p>U\u00a0<strong>Zimskom spustu<\/strong>, koji je zbog zamrzavanja Drave ove godine odr\u017ean tek u velja\u010di, sudjelovali smo kao suorganizator uz Rafting klub Matis iz V\u017e-a.<\/p>\n<p>Po\u010detkom velja\u010de predstavili smo udrugu na\u00a0<strong>Fa\u0161enjku<\/strong>.<\/p>\n<p>U O\u0160 Donja Dubrava i O\u0160 Kotoriba proveli smo zavr\u0161nu aktivnost u sklopu kampanje Bregunica. Nakon \u0161to smo u Hlebinama uz WWF predstavili\u00a0<strong>slikovnicu o bregunici<\/strong>, za koju se ideja rodila u ZEUSu, slikovnice smo podijelili u\u010denicama iz te dvije \u0161kole, \u010diji radovi su u njoj predstavljeni. Time smo zaokru\u017eili suradnju na projektu s te dvije O\u0160 u trajanju od gotovo godinu dana.<\/p>\n<ol start=\"10\">\n<li>\u2013 12. 3. bili smo na<strong>konferenciji<\/strong>gradnje prirodnim materijalima u Pragu. Kako \u017eelimo Karaulu urediti u ekolo\u0161kom stilu i osmisliti kvalitetan prostor koji \u0107e pru\u017eati mjesto za edukacije, odmor, kampiranje, okupljanje turista i sl., i\u0161li smo skupiti znanje i iskustvo gradnje slamom.<\/li>\n<\/ol>\n<p>Najnoviji doga\u0111aj koji smo organizirali bio je\u00a0<strong>Instalacija Bijeli most<\/strong>\u00a0\u2013 izlo\u017eba plutaju\u0107ih fotografija s osvjetljenjem. Nadamo se da ste pro\u0161etali mostom i do\u017eivjeli atraktivnu izlo\u017ebu i popratni sadr\u017eaj.<\/p>\n<p><a href=\"http:\/\/zeus-senjar.hr\/wp-content\/uploads\/2017\/06\/sviskupZEUS.jpg\"><img loading=\"lazy\" class=\"aligncenter wp-image-162 size-medium\" src=\"http:\/\/zeus-senjar.hr\/wp-content\/uploads\/2017\/06\/sviskupZEUS-300x225.jpg\" alt=\"\" width=\"300\" height=\"225\" \/><\/a><\/p>\n<p>&nbsp;<\/p>\n<p>Mogla bih nabrajati jo\u0161 neko vrijeme, ali mislim da sam nas dosta pohvalila. Iskoristila bih jo\u0161 ovu priliku da zahvalim Op\u0107ini na njihovoj velikoj podr\u0161ki koju nam pru\u017ea, tako\u0111er i drugim udrugama koje su nam ustupile svoj prostor kad nam je bilo potrebno, sudjelovale u na\u0161im programima, uprili\u010dile na\u0161e manifestacije i popunile na\u0161e programe svojim aktivnostima. Osim vrijedne i va\u017ene podr\u0161ke koju Udruga dobiva izvana, ipak je za uspjeh Udruge u najve\u0107oj mjeri zaslu\u017eno njezino \u010dlanstvo.<\/p>\n<p>\u010clanovi svoje vrijeme daju Udruzi i njenim aktivnostima, oni je dr\u017ee na \u017eivotu i oni je hrane svojim entuzijazmom i energijom. I zato, VELIKO HVALA svim Zeusovcima za njihov trud, energiju i upornost!<\/p>\n<p>Janja \u0160koda<\/p>\n<p>&nbsp;<\/p>\n","protected":false},"excerpt":{"rendered":"<p>Izvje\u0161taj o aktivnostima udruge u 2016. godini U razdoblju od zadnje skup\u0161tine, koju smo odr\u017eali u o\u017eujku 2016. godine, mo\u017eemo se pohvaliti\u00a0odli\u010dnim anga\u017emanom i postignu\u0107ima. \u0160to smo sve radili prethodne godine? U radu Udruge zna\u010dajan je anga\u017eman u kampanji Svjetske organizacije za za\u0161titu prirode, WWF, pod nazivom\u00a0Bregunica \u2013 ptica 2016. godine, u sklopu koje je<\/p>\n<div class='read-more-button'><a class='read-more-link' href='https:\/\/zeus-senjar.hr\/web2\/index.php\/2017\/06\/04\/izvjestaj-o-aktivnostima-udruge\/' style='border: 1px solid #2eae37'>Pro\u010ditaj vi\u0161e&#8230;<\/a><\/div>\n","protected":false},"author":2,"featured_media":574,"comment_status":"open","ping_status":"open","sticky":false,"template":"","format":"standard","meta":[],"categories":[1],"tags":[],"_links":{"self":[{"href":"https:\/\/zeus-senjar.hr\/web2\/index.php\/wp-json\/wp\/v2\/posts\/161"}],"collection":[{"href":"https:\/\/zeus-senjar.hr\/web2\/index.php\/wp-json\/wp\/v2\/posts"}],"about":[{"href":"https:\/\/zeus-senjar.hr\/web2\/index.php\/wp-json\/wp\/v2\/types\/post"}],"author":[{"embeddable":true,"href":"https:\/\/zeus-senjar.hr\/web2\/index.php\/wp-json\/wp\/v2\/users\/2"}],"replies":[{"embeddable":true,"href":"https:\/\/zeus-senjar.hr\/web2\/index.php\/wp-json\/wp\/v2\/comments?post=161"}],"version-history":[{"count":1,"href":"https:\/\/zeus-senjar.hr\/web2\/index.php\/wp-json\/wp\/v2\/posts\/161\/revisions"}],"predecessor-version":[{"id":620,"href":"https:\/\/zeus-senjar.hr\/web2\/index.php\/wp-json\/wp\/v2\/posts\/161\/revisions\/620"}],"wp:featuredmedia":[{"embeddable":true,"href":"https:\/\/zeus-senjar.hr\/web2\/index.php\/wp-json\/wp\/v2\/media\/574"}],"wp:attachment":[{"href":"https:\/\/zeus-senjar.hr\/web2\/index.php\/wp-json\/wp\/v2\/media?parent=161"}],"wp:term":[{"taxonomy":"category","embeddable":true,"href":"https:\/\/zeus-senjar.hr\/web2\/index.php\/wp-json\/wp\/v2\/categories?post=161"},{"taxonomy":"post_tag","embeddable":true,"href":"https:\/\/zeus-senjar.hr\/web2\/index.php\/wp-json\/wp\/v2\/tags?post=161"}],"curies":[{"name":"wp","href":"https:\/\/api.w.org\/{rel}","templated":true}]}}