{"id":174,"date":"2017-06-05T11:07:44","date_gmt":"2017-06-05T09:07:44","guid":{"rendered":"http:\/\/zeus-senjar.hr\/?p=174"},"modified":"2021-02-28T12:03:07","modified_gmt":"2021-02-28T12:03:07","slug":"zeus-podupire-prvi-korak","status":"publish","type":"post","link":"https:\/\/zeus-senjar.hr\/web2\/index.php\/2017\/06\/05\/zeus-podupire-prvi-korak\/","title":{"rendered":"ZeuS podupire Prvi Korak"},"content":{"rendered":"<p>U rujnu 2015. godine osnovan je Savez udruga &#8220;Prvi korak&#8221; koji okuplja tri udruge jedinstvenog djelovanja. Predsjednicom je imenovana Petra Kova\u010di\u0107 koja je prije godinu dana u \u017dupanijskoj skup\u0161tini predstavila inicijativu osiguravanja asistenata u dje\u010djim vrti\u0107ima, za djecu s te\u0161ko\u0107ama u razvoju. Spoznav\u0161i s kakvim su se sve problemima dosad roditelji, a uz njih i udruge koje okupljaju roditelje i djecu s posebnim potrebama, suo\u010davali, istakla nam je slijede\u0107e:<br \/>\n&#8211; Nevjerojatno je da je tako puno vremena trebalo za ovakvu inicijativu i da se tako dugo \u010dekalo. No, sada smo pokrenuli stvari i u Savez udruga su u\u0161le tri udruge. Postoji interes i drugih udruga da nam se pridru\u017ee, a to \u0107e u\u010diniti nakon \u0161to odr\u017ee svoje Skup\u0161tine &#8211; isti\u010de Petra Kova\u010di\u0107.<\/p>\n<p><img loading=\"lazy\" class=\"wp-image-176 size-medium aligncenter\" src=\"http:\/\/zeus-senjar.hr\/wp-content\/uploads\/2017\/06\/Rafting-LOGO-2-1-300x285.jpg\" alt=\"\" width=\"300\" height=\"285\" \/><br \/>\nOd 2016. godine ZeuS se aktivno uklju\u010dio u konkretnu pomo\u0107 udruzi tako \u0161to sudjeluje s brojnim drugim partnerima u organizaciji doga\u0111aja &#8220;Zaveslajmo za Prvi Korak&#8221;. U vidu donacije \u010damaca i opreme te u vidu logisti\u010dke potpore s desetak \u010dlanova, \u010dast nam je biti dio ovako plemenite, dobrotvorne, sada o\u010dito zbog pozitivno sve ve\u0107e potpore i tradicionalne manifestacije koja na kraju rezultira pomo\u0107i Savezu udruga kojemu je osnovni cilj djelovanja &#8211; uklju\u010divanje djece s te\u0161ko\u0107ama u razvoju u pred\u0161kolske ustanove, te odabir, izobrazba, zapo\u0161ljavanje, supervizija, financiranje i vo\u0111enje osobnih pomaga\u010da za djecu s te\u0161ko\u0107ama u razvoju u pred\u0161kolskom sustavu.<\/p>\n<p>Osniva\u010di Saveza su Udruga za autizam POGLED, Me\u0111imurska udruga za ranu intervenciju u djetinjstvu-MURID te Udruga slijepih Me\u0111imurske \u017eupanije. Za djecu je stru\u010dna pomo\u0107 u njihovoj pred\u0161kolskoj dobi njihov prvi korak ka samostalnosti, a u toj pomo\u0107i ovaj savez u\u010dinio je prvi korak u cijeloj Hrvatskoj. Otuda i ovaj simboli\u010dni naziv Saveza.<\/p>\n<p>Sigurni smo da \u0107e suradnja ZeuS-a i Prvog Koraka ostati kvalitetna i tako\u0111er postati kontinuiranom tradicijom.<\/p>\n<p><img loading=\"lazy\" class=\"size-full wp-image-175 aligncenter\" src=\"http:\/\/zeus-senjar.hr\/wp-content\/uploads\/2017\/06\/14470507_10202374476761354_5989353863099433468_n.jpg\" alt=\"\" width=\"480\" height=\"252\" \/><\/p>\n","protected":false},"excerpt":{"rendered":"<p>U rujnu 2015. godine osnovan je Savez udruga &#8220;Prvi korak&#8221; koji okuplja tri udruge jedinstvenog djelovanja. Predsjednicom je imenovana Petra Kova\u010di\u0107 koja je prije godinu dana u \u017dupanijskoj skup\u0161tini predstavila inicijativu osiguravanja asistenata u dje\u010djim vrti\u0107ima, za djecu s te\u0161ko\u0107ama u razvoju. Spoznav\u0161i s kakvim su se sve problemima dosad roditelji, a uz njih i<\/p>\n<div class='read-more-button'><a class='read-more-link' href='https:\/\/zeus-senjar.hr\/web2\/index.php\/2017\/06\/05\/zeus-podupire-prvi-korak\/' style='border: 1px solid #2eae37'>Pro\u010ditaj vi\u0161e&#8230;<\/a><\/div>\n","protected":false},"author":2,"featured_media":592,"comment_status":"open","ping_status":"open","sticky":false,"template":"","format":"standard","meta":[],"categories":[1],"tags":[],"_links":{"self":[{"href":"https:\/\/zeus-senjar.hr\/web2\/index.php\/wp-json\/wp\/v2\/posts\/174"}],"collection":[{"href":"https:\/\/zeus-senjar.hr\/web2\/index.php\/wp-json\/wp\/v2\/posts"}],"about":[{"href":"https:\/\/zeus-senjar.hr\/web2\/index.php\/wp-json\/wp\/v2\/types\/post"}],"author":[{"embeddable":true,"href":"https:\/\/zeus-senjar.hr\/web2\/index.php\/wp-json\/wp\/v2\/users\/2"}],"replies":[{"embeddable":true,"href":"https:\/\/zeus-senjar.hr\/web2\/index.php\/wp-json\/wp\/v2\/comments?post=174"}],"version-history":[{"count":1,"href":"https:\/\/zeus-senjar.hr\/web2\/index.php\/wp-json\/wp\/v2\/posts\/174\/revisions"}],"predecessor-version":[{"id":618,"href":"https:\/\/zeus-senjar.hr\/web2\/index.php\/wp-json\/wp\/v2\/posts\/174\/revisions\/618"}],"wp:featuredmedia":[{"embeddable":true,"href":"https:\/\/zeus-senjar.hr\/web2\/index.php\/wp-json\/wp\/v2\/media\/592"}],"wp:attachment":[{"href":"https:\/\/zeus-senjar.hr\/web2\/index.php\/wp-json\/wp\/v2\/media?parent=174"}],"wp:term":[{"taxonomy":"category","embeddable":true,"href":"https:\/\/zeus-senjar.hr\/web2\/index.php\/wp-json\/wp\/v2\/categories?post=174"},{"taxonomy":"post_tag","embeddable":true,"href":"https:\/\/zeus-senjar.hr\/web2\/index.php\/wp-json\/wp\/v2\/tags?post=174"}],"curies":[{"name":"wp","href":"https:\/\/api.w.org\/{rel}","templated":true}]}}