{"id":324,"date":"2017-08-24T17:43:35","date_gmt":"2017-08-24T15:43:35","guid":{"rendered":"http:\/\/zeus-senjar.hr\/?p=324"},"modified":"2021-02-28T12:01:06","modified_gmt":"2021-02-28T12:01:06","slug":"kajacima-po-podravskom-moru-soderici","status":"publish","type":"post","link":"https:\/\/zeus-senjar.hr\/web2\/index.php\/2017\/08\/24\/kajacima-po-podravskom-moru-soderici\/","title":{"rendered":"Kajacima po Podravskom moru \u0160oderici"},"content":{"rendered":"<div id=\"attachment_327\" style=\"width: 310px\" class=\"wp-caption alignright\"><img aria-describedby=\"caption-attachment-327\" loading=\"lazy\" class=\"wp-image-327 size-medium\" src=\"http:\/\/zeus-senjar.hr\/wp-content\/uploads\/2017\/08\/20938746_10211836525061545_311438776_n-300x225.jpg\" alt=\"\" width=\"300\" height=\"225\" \/><p id=\"caption-attachment-327\" class=\"wp-caption-text\">veslanje<\/p><\/div>\n<p style=\"text-align: center;\"><em>U sklopu <strong>adrenalinskog vikenda<\/strong>, Za\u0161titarsko-ekolo\u0161ka udruga \u201eSenjar\u201c [ZEUS] je <strong>u subotu 19.8.2017.<\/strong> na jezeru \u0160oderica za sve posjetitelje, kupa\u010de i rekreativce organizirala <strong>besplatno veslanje u kajacima<\/strong> jednosjedima i dvosjedima te rafting \u010damcu.<\/em><\/p>\n<p>&nbsp;<\/p>\n<p>Te subote, unato\u010d Vakulinom predvi\u0111anju lo\u0161eg vremena, uputili smo se na \u0160odericu u jutarnjim satima. U dru\u0161tvu brojnih maratonaca, triatlonaca i ostalih avanturista \u017eeljnih adrenalina, zauzeli smo poluoto\u010di\u0107 i namjestili svoje materijale. Nakon jutarnje kavice s organizatorima iz Aquaterra Lake Resort-a, parkirali smo svoje \u010damce i kajake uz obalu poluotoka i krenuli pozivati ljude da isprobaju veslanje u kajacima. Iako navale nije bilo, u\u017eivali smo u dru\u017eenju i veslanju s onim najupornijim i neustra\u0161ivim grupama koje ni najgore prognoze ne mogu sprije\u010diti u odlasku na pustolovni sadr\u017eaj i nove do\u017eivljaje. Tako smo subotnje popodne proveli u edukaciji mla\u0111ih i starijih posjetioca, iskusnih i malo manje iskusnih u vodenim sportovima, doma\u0107ih ljudi i stranaca. Osim toga, neki od nas Zeusovaca iskoristili su ponudu i krenuli u offroad vo\u017enju terencima, a neki su napeli mi\u0161i\u0107e u adrenalinskom parku. Sve u svemu, sporta, zabave i dru\u017eenja nije nedostajalo. Sklopljena su nova poznanstva, ugovoreni novi sadr\u017eaji i isplanirani neki novi putevi. Jer kako ostati doma kad se nudi toliko toga?<\/p>\n<p><img loading=\"lazy\" class=\"alignnone size-medium wp-image-325\" src=\"http:\/\/zeus-senjar.hr\/wp-content\/uploads\/2017\/08\/20952929_1914668128807301_4328027020942033191_n-300x200.jpg\" alt=\"\" width=\"300\" height=\"200\" \/>\u00a0<img loading=\"lazy\" class=\"alignnone size-medium wp-image-329\" src=\"http:\/\/zeus-senjar.hr\/wp-content\/uploads\/2017\/08\/20938699_10211836514781288_1166296539_n-300x225.jpg\" alt=\"\" width=\"300\" height=\"225\" \/>\u00a0<img loading=\"lazy\" class=\"alignnone size-medium wp-image-331\" src=\"http:\/\/zeus-senjar.hr\/wp-content\/uploads\/2017\/08\/20882764_1914668025473978_5956957743723277987_n-300x200.jpg\" alt=\"\" width=\"300\" height=\"200\" \/><\/p>\n<p style=\"text-align: left;\">Unato\u010d lo\u0161im prognozama, nismo po\u017ealili \u0161to smo se odazvali pozivu za sudjelovanje na adrenalinskom vikendu i sa smje\u0161kom smo u ve\u010dernjim satima krenuli ku\u0107ama odmoriti svoje mi\u0161i\u0107e za nove izazove.<\/p>\n<p>*Hvala Zeusovcima koji su cijeli dan bili uz mene i svoje vrijeme posvetili ovom doga\u0111aju: Aci, Ani, Kiki, Tanji, Dejanu, Marku i Jo\u017eeku! \ud83d\ude42<\/p>\n<p>Janja \u0160koda<\/p>\n","protected":false},"excerpt":{"rendered":"<p>U sklopu adrenalinskog vikenda, Za\u0161titarsko-ekolo\u0161ka udruga \u201eSenjar\u201c [ZEUS] je u subotu 19.8.2017. na jezeru \u0160oderica za sve posjetitelje, kupa\u010de i rekreativce organizirala besplatno veslanje u kajacima jednosjedima i dvosjedima te rafting \u010damcu. &nbsp; Te subote, unato\u010d Vakulinom predvi\u0111anju lo\u0161eg vremena, uputili smo se na \u0160odericu u jutarnjim satima. U dru\u0161tvu brojnih maratonaca, triatlonaca i ostalih<\/p>\n<div class='read-more-button'><a class='read-more-link' href='https:\/\/zeus-senjar.hr\/web2\/index.php\/2017\/08\/24\/kajacima-po-podravskom-moru-soderici\/' style='border: 1px solid #2eae37'>Pro\u010ditaj vi\u0161e&#8230;<\/a><\/div>\n","protected":false},"author":1,"featured_media":575,"comment_status":"open","ping_status":"open","sticky":false,"template":"","format":"standard","meta":[],"categories":[1],"tags":[],"_links":{"self":[{"href":"https:\/\/zeus-senjar.hr\/web2\/index.php\/wp-json\/wp\/v2\/posts\/324"}],"collection":[{"href":"https:\/\/zeus-senjar.hr\/web2\/index.php\/wp-json\/wp\/v2\/posts"}],"about":[{"href":"https:\/\/zeus-senjar.hr\/web2\/index.php\/wp-json\/wp\/v2\/types\/post"}],"author":[{"embeddable":true,"href":"https:\/\/zeus-senjar.hr\/web2\/index.php\/wp-json\/wp\/v2\/users\/1"}],"replies":[{"embeddable":true,"href":"https:\/\/zeus-senjar.hr\/web2\/index.php\/wp-json\/wp\/v2\/comments?post=324"}],"version-history":[{"count":1,"href":"https:\/\/zeus-senjar.hr\/web2\/index.php\/wp-json\/wp\/v2\/posts\/324\/revisions"}],"predecessor-version":[{"id":611,"href":"https:\/\/zeus-senjar.hr\/web2\/index.php\/wp-json\/wp\/v2\/posts\/324\/revisions\/611"}],"wp:featuredmedia":[{"embeddable":true,"href":"https:\/\/zeus-senjar.hr\/web2\/index.php\/wp-json\/wp\/v2\/media\/575"}],"wp:attachment":[{"href":"https:\/\/zeus-senjar.hr\/web2\/index.php\/wp-json\/wp\/v2\/media?parent=324"}],"wp:term":[{"taxonomy":"category","embeddable":true,"href":"https:\/\/zeus-senjar.hr\/web2\/index.php\/wp-json\/wp\/v2\/categories?post=324"},{"taxonomy":"post_tag","embeddable":true,"href":"https:\/\/zeus-senjar.hr\/web2\/index.php\/wp-json\/wp\/v2\/tags?post=324"}],"curies":[{"name":"wp","href":"https:\/\/api.w.org\/{rel}","templated":true}]}}