{"id":431,"date":"2018-04-27T22:44:54","date_gmt":"2018-04-27T20:44:54","guid":{"rendered":"http:\/\/zeus-senjar.hr\/?p=431"},"modified":"2021-02-28T11:59:02","modified_gmt":"2021-02-28T11:59:02","slug":"zeus-odrzao-izvjestajnu-skupstinu","status":"publish","type":"post","link":"https:\/\/zeus-senjar.hr\/web2\/index.php\/2018\/04\/27\/zeus-odrzao-izvjestajnu-skupstinu\/","title":{"rendered":"ZEUS odr\u017eao izvje\u0161tajnu skup\u0161tinu"},"content":{"rendered":"<p>Udruga je napunila 19 godina djelovanja i to je respektabilna brojka za hrvatske okvire s obzirom na podru\u010dje djelovanja: za\u0161tita okoli\u0161a i edukacija mladih.<\/p>\n<p><a href=\"http:\/\/zeus-senjar.hr\/wp-content\/uploads\/2018\/04\/08-P1020271.jpg\"><img loading=\"lazy\" class=\"aligncenter size-medium wp-image-432\" src=\"http:\/\/zeus-senjar.hr\/wp-content\/uploads\/2018\/04\/08-P1020271-300x208.jpg\" alt=\"\" width=\"300\" height=\"208\" \/><\/a><br \/>\nDana 20.4.2018. odr\u017eali smo redovnu izvje\u0161tajnu skup\u0161tinu s lijepim odazivom \u010dlanstva i gostiju. Podr\u017eali su nas na\u010delnik gdin Marijan Varga, gdin Zlatko Ljubek, gdin \u017deljko Lisjak i gdin Antun Benko te dvadesetak \u010dlanova.<br \/>\nU uvodnom dijelu predsjedavaju\u0107i skup\u0161tine Goran \u010ci\u017eme\u0161ija podzravio je sve nazo\u010dne te predlo\u017eio dnevni red.<br \/>\nPo izvje\u0161tajima su redom \u010ditali Janja \u0160koda, predsjednica udruge koja je dala opse\u017ean pregled svih aktivnosti udruge od skup\u0161tine do skup\u0161tine te zahvalila svim aktivnim \u010dlanovima i donatorima, kao i po\u017eeljela mnogo uspjeha i energije u narednim godinama. Tajnik udruge, Goran \u010ci\u017eme\u0161ija iznio je financijsko izvje\u0161\u0107e i financijski plan za idu\u0107u godinu kao i prijedlog da se \u010dlanarina pove\u0107a s 20 na 50 kuna godi\u0161nje. Nakon toga Janja je dala plan i program rada za 2018. godinu. Predsjednik nadzornog odbora, gdin \u017deljko \u0160koda izjavio je da je pregledom financijskog poslovanja zadovoljan, sve je transparentno i a\u017eurno te nema nikakvih primjedbi.<\/p>\n<p>Sva izvje\u0161\u0107a su jednoglasno usvojena od strane skup\u0161tine.<\/p>\n<p>Gostima je data prilika da se obrate skup\u0161tini gdje su svi redom \u010destitali na mnogim ostvarenim ciljevima i aktivnostima tijekom godine.<\/p>\n<p><a href=\"http:\/\/zeus-senjar.hr\/wp-content\/uploads\/2018\/04\/01-P1020242.jpg\"><img loading=\"lazy\" class=\"aligncenter size-medium wp-image-433\" src=\"http:\/\/zeus-senjar.hr\/wp-content\/uploads\/2018\/04\/01-P1020242-300x207.jpg\" alt=\"\" width=\"300\" height=\"207\" \/><\/a><\/p>\n<p>&nbsp;<\/p>\n<p>Dokumente s skup\u0161tine mo\u017eete vidjeti ovdje , a galeriju fotografija ovdje<\/p>\n<p>&nbsp;<\/p>\n","protected":false},"excerpt":{"rendered":"<p>Udruga je napunila 19 godina djelovanja i to je respektabilna brojka za hrvatske okvire s obzirom na podru\u010dje djelovanja: za\u0161tita okoli\u0161a i edukacija mladih. Dana 20.4.2018. odr\u017eali smo redovnu izvje\u0161tajnu skup\u0161tinu s lijepim odazivom \u010dlanstva i gostiju. Podr\u017eali su nas na\u010delnik gdin Marijan Varga, gdin Zlatko Ljubek, gdin \u017deljko Lisjak i gdin Antun Benko te<\/p>\n<div class='read-more-button'><a class='read-more-link' href='https:\/\/zeus-senjar.hr\/web2\/index.php\/2018\/04\/27\/zeus-odrzao-izvjestajnu-skupstinu\/' style='border: 1px solid #2eae37'>Pro\u010ditaj vi\u0161e&#8230;<\/a><\/div>\n","protected":false},"author":2,"featured_media":591,"comment_status":"open","ping_status":"open","sticky":false,"template":"","format":"standard","meta":[],"categories":[1],"tags":[],"_links":{"self":[{"href":"https:\/\/zeus-senjar.hr\/web2\/index.php\/wp-json\/wp\/v2\/posts\/431"}],"collection":[{"href":"https:\/\/zeus-senjar.hr\/web2\/index.php\/wp-json\/wp\/v2\/posts"}],"about":[{"href":"https:\/\/zeus-senjar.hr\/web2\/index.php\/wp-json\/wp\/v2\/types\/post"}],"author":[{"embeddable":true,"href":"https:\/\/zeus-senjar.hr\/web2\/index.php\/wp-json\/wp\/v2\/users\/2"}],"replies":[{"embeddable":true,"href":"https:\/\/zeus-senjar.hr\/web2\/index.php\/wp-json\/wp\/v2\/comments?post=431"}],"version-history":[{"count":1,"href":"https:\/\/zeus-senjar.hr\/web2\/index.php\/wp-json\/wp\/v2\/posts\/431\/revisions"}],"predecessor-version":[{"id":605,"href":"https:\/\/zeus-senjar.hr\/web2\/index.php\/wp-json\/wp\/v2\/posts\/431\/revisions\/605"}],"wp:featuredmedia":[{"embeddable":true,"href":"https:\/\/zeus-senjar.hr\/web2\/index.php\/wp-json\/wp\/v2\/media\/591"}],"wp:attachment":[{"href":"https:\/\/zeus-senjar.hr\/web2\/index.php\/wp-json\/wp\/v2\/media?parent=431"}],"wp:term":[{"taxonomy":"category","embeddable":true,"href":"https:\/\/zeus-senjar.hr\/web2\/index.php\/wp-json\/wp\/v2\/categories?post=431"},{"taxonomy":"post_tag","embeddable":true,"href":"https:\/\/zeus-senjar.hr\/web2\/index.php\/wp-json\/wp\/v2\/tags?post=431"}],"curies":[{"name":"wp","href":"https:\/\/api.w.org\/{rel}","templated":true}]}}