{"id":435,"date":"2018-04-27T22:57:30","date_gmt":"2018-04-27T20:57:30","guid":{"rendered":"http:\/\/zeus-senjar.hr\/?p=435"},"modified":"2021-02-28T11:58:35","modified_gmt":"2021-02-28T11:58:35","slug":"zeus-zelena-cistka-2018","status":"publish","type":"post","link":"https:\/\/zeus-senjar.hr\/web2\/index.php\/2018\/04\/27\/zeus-zelena-cistka-2018\/","title":{"rendered":"ZEUS &#8211; Zelena \u010distka 2018"},"content":{"rendered":"<p>Udruga je obavila proljetno \u010di\u0161\u0107enje svoje dionice od parkinga autobusa do iza starog mosta preko Drave.<\/p>\n<p><a href=\"http:\/\/zeus-senjar.hr\/wp-content\/uploads\/2018\/04\/16-P1020324.jpg\"><img loading=\"lazy\" class=\"aligncenter size-medium wp-image-436\" src=\"http:\/\/zeus-senjar.hr\/wp-content\/uploads\/2018\/04\/16-P1020324-300x225.jpg\" alt=\"\" width=\"300\" height=\"225\" \/><\/a><\/p>\n<p>Krasnog jutra poput ljetnog doba i samo dan nakon na\u0161e skup\u0161tine okupila se ekipa Zeusovaca na akciji skupljanja nesavjesno odlo\u017eenog otpada uz obalu Drave. Vi\u0161e nas ni\u0161ta ne \u010dudi, ovo su neka nazadna vremena i zaista puna srca i otvorene du\u0161e zahvaljujemo svim donatorima ovih ogromnih koli\u010dina sme\u0107a koliko s toliko odlu\u010dnosti i smjelosti odla\u017eu u \u0161umu, parkove, rijeke, potoke, jezera, na putove, stazice, \u0161etnice i neposredno uz dje\u010dja igrali\u0161ta.<\/p>\n<p>I zaista tog sme\u0107a ima svake godine sve vi\u0161e i vi\u0161e. Od odba\u010denih staklenki punih nepoznatog sadr\u017eaja, madraca, tekstila, ki\u0161obrana, guma, bicikala, le\u0161ina doma\u0107ih \u017eivotinja, stakla, plastike, dugmadi, flaksa&#8230;ma nemogu\u0107e sve nabrojati. Pokupili smo toga koliko se dalo, bilo je dvostruko vi\u0161e nego pro\u0161le godine, bilo je 3 m3 na 200metara \u0161etnice. Ljudi, ovo nije mogu\u0107e i nije svijet za koji se trudimo svi zajedno!<\/p>\n<p>&nbsp;<\/p>\n<p><a href=\"http:\/\/zeus-senjar.hr\/wp-content\/uploads\/2018\/04\/09-P1020304.jpg\"><img loading=\"lazy\" class=\"aligncenter size-medium wp-image-437\" src=\"http:\/\/zeus-senjar.hr\/wp-content\/uploads\/2018\/04\/09-P1020304-300x225.jpg\" alt=\"\" width=\"300\" height=\"225\" \/><\/a><\/p>\n","protected":false},"excerpt":{"rendered":"<p>Udruga je obavila proljetno \u010di\u0161\u0107enje svoje dionice od parkinga autobusa do iza starog mosta preko Drave. Krasnog jutra poput ljetnog doba i samo dan nakon na\u0161e skup\u0161tine okupila se ekipa Zeusovaca na akciji skupljanja nesavjesno odlo\u017eenog otpada uz obalu Drave. Vi\u0161e nas ni\u0161ta ne \u010dudi, ovo su neka nazadna vremena i zaista puna srca i<\/p>\n<div class='read-more-button'><a class='read-more-link' href='https:\/\/zeus-senjar.hr\/web2\/index.php\/2018\/04\/27\/zeus-zelena-cistka-2018\/' style='border: 1px solid #2eae37'>Pro\u010ditaj vi\u0161e&#8230;<\/a><\/div>\n","protected":false},"author":2,"featured_media":593,"comment_status":"open","ping_status":"open","sticky":false,"template":"","format":"standard","meta":[],"categories":[1],"tags":[],"_links":{"self":[{"href":"https:\/\/zeus-senjar.hr\/web2\/index.php\/wp-json\/wp\/v2\/posts\/435"}],"collection":[{"href":"https:\/\/zeus-senjar.hr\/web2\/index.php\/wp-json\/wp\/v2\/posts"}],"about":[{"href":"https:\/\/zeus-senjar.hr\/web2\/index.php\/wp-json\/wp\/v2\/types\/post"}],"author":[{"embeddable":true,"href":"https:\/\/zeus-senjar.hr\/web2\/index.php\/wp-json\/wp\/v2\/users\/2"}],"replies":[{"embeddable":true,"href":"https:\/\/zeus-senjar.hr\/web2\/index.php\/wp-json\/wp\/v2\/comments?post=435"}],"version-history":[{"count":1,"href":"https:\/\/zeus-senjar.hr\/web2\/index.php\/wp-json\/wp\/v2\/posts\/435\/revisions"}],"predecessor-version":[{"id":604,"href":"https:\/\/zeus-senjar.hr\/web2\/index.php\/wp-json\/wp\/v2\/posts\/435\/revisions\/604"}],"wp:featuredmedia":[{"embeddable":true,"href":"https:\/\/zeus-senjar.hr\/web2\/index.php\/wp-json\/wp\/v2\/media\/593"}],"wp:attachment":[{"href":"https:\/\/zeus-senjar.hr\/web2\/index.php\/wp-json\/wp\/v2\/media?parent=435"}],"wp:term":[{"taxonomy":"category","embeddable":true,"href":"https:\/\/zeus-senjar.hr\/web2\/index.php\/wp-json\/wp\/v2\/categories?post=435"},{"taxonomy":"post_tag","embeddable":true,"href":"https:\/\/zeus-senjar.hr\/web2\/index.php\/wp-json\/wp\/v2\/tags?post=435"}],"curies":[{"name":"wp","href":"https:\/\/api.w.org\/{rel}","templated":true}]}}