{"id":468,"date":"2019-03-16T22:35:15","date_gmt":"2019-03-16T20:35:15","guid":{"rendered":"http:\/\/zeus-senjar.hr\/?p=468"},"modified":"2021-02-28T11:56:37","modified_gmt":"2021-02-28T11:56:37","slug":"proljetni-spust-zeus-budi-uzvikom-za-cistu-i-zivu-dravu","status":"publish","type":"post","link":"https:\/\/zeus-senjar.hr\/web2\/index.php\/2019\/03\/16\/proljetni-spust-zeus-budi-uzvikom-za-cistu-i-zivu-dravu\/","title":{"rendered":"Proljetni spust: ZEUS budi uzvikom \u201cZa \u010distu i \u017eivu Dravu!\u201d"},"content":{"rendered":"<p style=\"text-align: center;\"><i><span style=\"font-weight: 400;\">Uz podr\u0161ku WWF-a, <\/span><\/i><i><span style=\"font-weight: 400;\">ZEUS \u0107e ove godine organizirati Proljetni spust rijekom Dravom u Donjoj Dubravi. Svi su pozvani da 23. o\u017eujka 2019. godine veslaju starim tokom rijeke Drave i svojim sudjelovanjem podr\u017ee sva nastojanja za\u0161tite na\u0161e predivne Drave, jedne od posljednjih prirodnih rijeka u Europi<\/span><\/i><i><span style=\"font-weight: 400;\">.<\/span><\/i><\/p>\n<p><img loading=\"lazy\" class=\"aligncenter wp-image-469 size-large\" src=\"http:\/\/zeus-senjar.hr\/wp-content\/uploads\/2019\/03\/ZEUS-PROLJETNI-SPUST-2019-Cover-01-1024x576.jpg\" alt=\"\" width=\"590\" height=\"332\" \/><\/p>\n<p><span style=\"font-weight: 400;\">Pozivaju se svi zainteresirani da nam se <strong>u subotu 23.3.2019.<\/strong> pridru\u017ee u Donjoj Dubravi na ovogodi\u0161njem <strong>Proljetnom spustu<\/strong> kojim \u0107e se povezati nekoliko va\u017enih doga\u0111aja. Naime, za vrijeme spusta jo\u0161 \u0107e uvijek biti u tijeku javna rasprava o IV. Izmjenama i dopunama Prostornog plana Koprivni\u010dko-kri\u017eeva\u010dke \u017eupanije kojim \u0107e se omogu\u0107iti izgradnja hidroelektrana Molve I i II. Stoga \u0107e se spustom podi\u0107i vidljivost i osvije\u0161tenost ljudi o ponovnom poku\u0161aju \u0161tetnog iskori\u0161tavanja Drave. Isto tako, neposredno prije spusta obilje\u017eava se Svjetski dan za\u0161tite \u0161uma (21.3.) i Svjetski dan voda (22.3.), a Za\u0161titarsko-ekolo\u0161ka udruga \u201cSenjar\u201d (ZEUS), prepoznatljiva po za\u0161titi rijeka Drave i Mure i njihovih porje\u010dja, proslavit \u0107e 20 godina svoga djelovanja. Uz samo veslanje Dravom, priprema se i dodatni zanimljivi sadr\u017eaj koji \u0107e sigurno zaokupiti va\u0161u pa\u017enju (izlo\u017eba, video-projekcije, party iznena\u0111enja&#8230;). Ovim Proljetnim spustom objedinit \u0107e se vi\u0161e doga\u0111aja te \u0107e se okupiti svi kojima je stalo do na\u0161eg prirodnog bogatstva i zajedno s nama glasno poslati poruku \u02ddZa \u010distu i \u017eivu Dravu\u02dd!<\/span><\/p>\n<p><span style=\"font-weight: 400;\">Do\u0111ite i vi 23. o\u017eujka 2019. godine u Donju Dubravu kako bismo zajedno poslali<\/span> <span style=\"font-weight: 400;\">poruku protiv novih poku\u0161aja naru\u0161avanja prirodne rijeke Drave!<\/span><\/p>\n<p><span style=\"font-weight: 400;\">*Prijave se vr\u0161e isklju\u010divo mailom na <\/span><a href=\"mailto:zeus.senjar@gmail.com\"><span style=\"font-weight: 400;\">zeus.senjar@gmail.com<\/span><\/a><span style=\"font-weight: 400;\">.<\/span><\/p>\n<p><span style=\"font-weight: 400;\">**Vi\u0161e informacija o doga\u0111aju mo\u017eete provjeriti na Facebook grupi &#8211; Za\u0161titarsko-ekolo\u0161ka udruga Senjar: https:\/\/www.facebook.com\/groups\/zeus.senjar\/<\/span><\/p>\n","protected":false},"excerpt":{"rendered":"<p>Uz podr\u0161ku WWF-a, ZEUS \u0107e ove godine organizirati Proljetni spust rijekom Dravom u Donjoj Dubravi. Svi su pozvani da 23. o\u017eujka 2019. godine veslaju starim tokom rijeke Drave i svojim sudjelovanjem podr\u017ee sva nastojanja za\u0161tite na\u0161e predivne Drave, jedne od posljednjih prirodnih rijeka u Europi. Pozivaju se svi zainteresirani da nam se u subotu 23.3.2019.<\/p>\n<div class='read-more-button'><a class='read-more-link' href='https:\/\/zeus-senjar.hr\/web2\/index.php\/2019\/03\/16\/proljetni-spust-zeus-budi-uzvikom-za-cistu-i-zivu-dravu\/' style='border: 1px solid #2eae37'>Pro\u010ditaj vi\u0161e&#8230;<\/a><\/div>\n","protected":false},"author":1,"featured_media":584,"comment_status":"open","ping_status":"open","sticky":false,"template":"","format":"standard","meta":[],"categories":[1],"tags":[],"_links":{"self":[{"href":"https:\/\/zeus-senjar.hr\/web2\/index.php\/wp-json\/wp\/v2\/posts\/468"}],"collection":[{"href":"https:\/\/zeus-senjar.hr\/web2\/index.php\/wp-json\/wp\/v2\/posts"}],"about":[{"href":"https:\/\/zeus-senjar.hr\/web2\/index.php\/wp-json\/wp\/v2\/types\/post"}],"author":[{"embeddable":true,"href":"https:\/\/zeus-senjar.hr\/web2\/index.php\/wp-json\/wp\/v2\/users\/1"}],"replies":[{"embeddable":true,"href":"https:\/\/zeus-senjar.hr\/web2\/index.php\/wp-json\/wp\/v2\/comments?post=468"}],"version-history":[{"count":1,"href":"https:\/\/zeus-senjar.hr\/web2\/index.php\/wp-json\/wp\/v2\/posts\/468\/revisions"}],"predecessor-version":[{"id":600,"href":"https:\/\/zeus-senjar.hr\/web2\/index.php\/wp-json\/wp\/v2\/posts\/468\/revisions\/600"}],"wp:featuredmedia":[{"embeddable":true,"href":"https:\/\/zeus-senjar.hr\/web2\/index.php\/wp-json\/wp\/v2\/media\/584"}],"wp:attachment":[{"href":"https:\/\/zeus-senjar.hr\/web2\/index.php\/wp-json\/wp\/v2\/media?parent=468"}],"wp:term":[{"taxonomy":"category","embeddable":true,"href":"https:\/\/zeus-senjar.hr\/web2\/index.php\/wp-json\/wp\/v2\/categories?post=468"},{"taxonomy":"post_tag","embeddable":true,"href":"https:\/\/zeus-senjar.hr\/web2\/index.php\/wp-json\/wp\/v2\/tags?post=468"}],"curies":[{"name":"wp","href":"https:\/\/api.w.org\/{rel}","templated":true}]}}