{"id":473,"date":"2019-09-12T10:03:38","date_gmt":"2019-09-12T08:03:38","guid":{"rendered":"http:\/\/zeus-senjar.hr\/?p=473"},"modified":"2021-02-28T11:56:17","modified_gmt":"2021-02-28T11:56:17","slug":"andeo-recikliranja-u-starom-gradu-cakovca","status":"publish","type":"post","link":"https:\/\/zeus-senjar.hr\/web2\/index.php\/2019\/09\/12\/andeo-recikliranja-u-starom-gradu-cakovca\/","title":{"rendered":"An\u0111eo recikliranja u Starom gradu \u010cakovca"},"content":{"rendered":"<p>Povodom Zrinski art festivala 2019 u \u010cakovcu, u atriju Starog grada bila je obje\u0161ena skulptura koja je plijenila poglede.<\/p>\n<ul>\n<li><img loading=\"lazy\" class=\"alignnone size-medium wp-image-481 aligncenter\" src=\"http:\/\/zeus-senjar.hr\/wp-content\/uploads\/2019\/09\/zaf-19f2a-300x169.jpg\" alt=\"\" width=\"300\" height=\"169\" \/><br \/>\n<span style=\"font-size: 12pt;\"><strong>Arpad Slan\u010dik<\/strong> je sa skulpturom <strong>\u02ddAn\u0111eo recikliranja\u02dd<\/strong> pokazao kako se ekologija i umjetnost mogu odli\u010dno slagati. Ina\u010de, autor u svom radu koristi tehniku recikliranja, a u ovom radu prisutni su reciklirani metal, plastika i lutke.<\/span><\/li>\n<\/ul>\n<p>Pogledajte fotografije ovog umjetni\u010dkog recikliranja nastale pod objektivom LoKa19, te jednu no\u010dnu fotografiju by Denis.<\/p>\n<p><img loading=\"lazy\" class=\"alignnone size-medium wp-image-477\" src=\"http:\/\/zeus-senjar.hr\/wp-content\/uploads\/2019\/09\/zaf-19b3-300x163.jpg\" alt=\"\" width=\"300\" height=\"163\" \/><img loading=\"lazy\" class=\"size-medium wp-image-476 alignleft\" src=\"http:\/\/zeus-senjar.hr\/wp-content\/uploads\/2019\/09\/zaf-19b1-300x169.jpg\" alt=\"\" width=\"300\" height=\"169\" \/> <img loading=\"lazy\" class=\"alignnone size-medium wp-image-478\" src=\"http:\/\/zeus-senjar.hr\/wp-content\/uploads\/2019\/09\/zaf-19b4-300x169.jpg\" alt=\"\" width=\"300\" height=\"169\" \/> <img loading=\"lazy\" class=\"alignnone size-medium wp-image-479\" src=\"http:\/\/zeus-senjar.hr\/wp-content\/uploads\/2019\/09\/zaf-19c1-300x169.jpg\" alt=\"\" width=\"300\" height=\"169\" \/> <img loading=\"lazy\" class=\"alignnone size-medium wp-image-480\" src=\"http:\/\/zeus-senjar.hr\/wp-content\/uploads\/2019\/09\/zaf-19d1-300x169.jpg\" alt=\"\" width=\"300\" height=\"169\" \/> \u00a0<img loading=\"lazy\" class=\"alignnone size-medium wp-image-482\" src=\"http:\/\/zeus-senjar.hr\/wp-content\/uploads\/2019\/09\/zaf-19g7-300x169.jpg\" alt=\"\" width=\"300\" height=\"169\" \/> <img loading=\"lazy\" class=\"alignnone size-medium wp-image-483\" src=\"http:\/\/zeus-senjar.hr\/wp-content\/uploads\/2019\/09\/zaf-19kp-300x169.jpg\" alt=\"\" width=\"300\" height=\"169\" \/><\/p>\n<p><img loading=\"lazy\" class=\"size-medium wp-image-484\" src=\"http:\/\/zeus-senjar.hr\/wp-content\/uploads\/2019\/09\/IMG_20190905_201650-300x169.jpg\" alt=\"\" width=\"300\" height=\"169\" \/><\/p>\n","protected":false},"excerpt":{"rendered":"<p>Povodom Zrinski art festivala 2019 u \u010cakovcu, u atriju Starog grada bila je obje\u0161ena skulptura koja je plijenila poglede. Arpad Slan\u010dik je sa skulpturom \u02ddAn\u0111eo recikliranja\u02dd pokazao kako se ekologija i umjetnost mogu odli\u010dno slagati. Ina\u010de, autor u svom radu koristi tehniku recikliranja, a u ovom radu prisutni su reciklirani metal, plastika i lutke. Pogledajte<\/p>\n<div class='read-more-button'><a class='read-more-link' href='https:\/\/zeus-senjar.hr\/web2\/index.php\/2019\/09\/12\/andeo-recikliranja-u-starom-gradu-cakovca\/' style='border: 1px solid #2eae37'>Pro\u010ditaj vi\u0161e&#8230;<\/a><\/div>\n","protected":false},"author":1,"featured_media":570,"comment_status":"open","ping_status":"open","sticky":false,"template":"","format":"standard","meta":[],"categories":[1],"tags":[],"_links":{"self":[{"href":"https:\/\/zeus-senjar.hr\/web2\/index.php\/wp-json\/wp\/v2\/posts\/473"}],"collection":[{"href":"https:\/\/zeus-senjar.hr\/web2\/index.php\/wp-json\/wp\/v2\/posts"}],"about":[{"href":"https:\/\/zeus-senjar.hr\/web2\/index.php\/wp-json\/wp\/v2\/types\/post"}],"author":[{"embeddable":true,"href":"https:\/\/zeus-senjar.hr\/web2\/index.php\/wp-json\/wp\/v2\/users\/1"}],"replies":[{"embeddable":true,"href":"https:\/\/zeus-senjar.hr\/web2\/index.php\/wp-json\/wp\/v2\/comments?post=473"}],"version-history":[{"count":1,"href":"https:\/\/zeus-senjar.hr\/web2\/index.php\/wp-json\/wp\/v2\/posts\/473\/revisions"}],"predecessor-version":[{"id":599,"href":"https:\/\/zeus-senjar.hr\/web2\/index.php\/wp-json\/wp\/v2\/posts\/473\/revisions\/599"}],"wp:featuredmedia":[{"embeddable":true,"href":"https:\/\/zeus-senjar.hr\/web2\/index.php\/wp-json\/wp\/v2\/media\/570"}],"wp:attachment":[{"href":"https:\/\/zeus-senjar.hr\/web2\/index.php\/wp-json\/wp\/v2\/media?parent=473"}],"wp:term":[{"taxonomy":"category","embeddable":true,"href":"https:\/\/zeus-senjar.hr\/web2\/index.php\/wp-json\/wp\/v2\/categories?post=473"},{"taxonomy":"post_tag","embeddable":true,"href":"https:\/\/zeus-senjar.hr\/web2\/index.php\/wp-json\/wp\/v2\/tags?post=473"}],"curies":[{"name":"wp","href":"https:\/\/api.w.org\/{rel}","templated":true}]}}