{"id":503,"date":"2019-10-29T20:10:02","date_gmt":"2019-10-29T18:10:02","guid":{"rendered":"http:\/\/zeus-senjar.hr\/?p=503"},"modified":"2021-02-28T11:55:24","modified_gmt":"2021-02-28T11:55:24","slug":"pokumili-se-preko-novih-sadnica-u-akciji-sadnje-drveca","status":"publish","type":"post","link":"https:\/\/zeus-senjar.hr\/web2\/index.php\/2019\/10\/29\/pokumili-se-preko-novih-sadnica-u-akciji-sadnje-drveca\/","title":{"rendered":"Pokumili se preko novih sadnica u akciji sadnje drve\u0107a"},"content":{"rendered":"<p><em>Uz predivan dan i nadlijetanje \u0161tekavaca prisjetili smo se danas zbog \u010dega vrijedi osigurati mjesta i za vegetaciju koja je zapravo neopodna za \u017eivot na Zemlji.<\/em><br \/>\n<em>Hrast lu\u017enjak, crni i bijeli dud, tu\u017ena vrba, jorgovan&#8230; To su samo neke od novih sadnica koje su dobile svoje nove domove i zapo\u010dele svoj dugogodi\u0161nji rast u Donjoj Dubravi. Naime, u <strong>subotu 26. listopada<\/strong> 60-ak mje\u0161tana iz Donje Dubrave u rasponu od 5 do 65 godina udru\u017eilo se oko jednog cilja: zazeleniti dubravske ulice, raskri\u017eja, parkove i igrali\u0161ta. U vrlo uspje\u0161noj inicijativi zasadilo se <strong>\u0161ezdesetak sadnica<\/strong> autohtonog drve\u0107a i grmlja. Uz osmijeh na licu i zadovoljstvo u srcu, nakon sadnje se odr\u017ealo i vrlo pou\u010dno <strong>predavanje o hrastu, gingku i lipi<\/strong> u povijesti Donje Dubrave.<\/em><\/p>\n<p><img loading=\"lazy\" class=\"aligncenter wp-image-504 size-large\" src=\"http:\/\/zeus-senjar.hr\/wp-content\/uploads\/2019\/10\/DD-Kolektivna-sadnja-26.10.2019-42-1024x683.jpg\" alt=\"\" width=\"590\" height=\"394\" \/><\/p>\n<p><strong>Za\u0161titarsko-ekolo\u0161ka udruga \u02ddSenjar\u02dd<\/strong> se uz <strong>Op\u0107inu Donja Dubrava<\/strong> pridru\u017eila inicijativi \u02ddDani kolektivne sadnje drve\u0107a\u02dd, pokrenutu pod motom <strong>\u02ddZasadi drvo, ne budi panj\u02dd<\/strong>. Za svoje mje\u0161tane, udruge i ostale zainteresirane organizirali su vrlo korisno i aktivno subotnje jutro: <strong>sadnju drve\u0107a na 11 lokacija u Donjoj Dubravi<\/strong>. Sudionici su preuzeli kumstvo sadnicama koje su zasadili, kroz koje \u0107e kontinuirano paziti na njih te im osigurati zdravi razvoj i za\u0161titu od bolesti, isu\u0161ivanja i o\u0161te\u0107ivanja, zalijevati ih svakih 5 dana, a sve to kako bi dugo godina krasili selo. Akcija gra\u0111anske sadnje drve\u0107a dugoro\u010dni u\u010dinak \u0107e dodatno \u201eukorijeniti\u201c info plo\u010dama o zasa\u0111enom drve\u0107u i samoj akciji te kroz jednogodi\u0161nju skupnu evidenciju stanja drve\u0107a kroz kratke izvje\u0161taje kumova udruzi ZEUS. Lokalna koordinatorica akcije <strong>Kristina Pongrac<\/strong> istaknula je: \u02ddZasa\u0111ena je 61 sadnica razli\u010ditog drve\u0107a i grmlja, npr. hrast lu\u017enjak, tu\u017ena vrba, drijen, dud, jorgovan na lokacijama u mjestu gdje su bila prazna mjesta, ulice, raskri\u017eja ili pak igrali\u0161ta. Sada smo ta mjesta uljep\u0161ali novim stanovnicima, koji ne samo da krase mjesto, nego nam daju i vrlo vrijedan kisik koji udi\u0161emo.\u02dd<\/p>\n<p style=\"text-align: center;\"><img loading=\"lazy\" class=\"alignnone wp-image-505 size-medium\" src=\"http:\/\/zeus-senjar.hr\/wp-content\/uploads\/2019\/10\/20191026_093751-e1572371800218-169x300.jpg\" alt=\"\" width=\"169\" height=\"300\" \/>\u00a0 \u00a0<img loading=\"lazy\" class=\"alignnone wp-image-506 size-medium\" src=\"http:\/\/zeus-senjar.hr\/wp-content\/uploads\/2019\/10\/20191026_090332-e1572371857498-169x300.jpg\" alt=\"\" width=\"169\" height=\"300\" \/><\/p>\n<p style=\"text-align: left;\">Osim ekolo\u0161kog i estetskog karaktera, ne smijemo zaboraviti i edukativnu notu koju takve akcije nose sa sobom: sudionici su volonteri koji na taj na\u010din u\u010de, promi\u010du odgovorno pona\u0161anje prema zajedni\u010dkom dobru i pru\u017eaju dobar primjer drugima. Prilika za saznati ne\u0161to novo bila je i nakon same akcije, jer su <strong>Janja Kova\u010d i Slaven Ujlaki<\/strong> uz prefini grah odr\u017eali i vrlo zanimljivo predavanje, u kojem su objasnili otkud potje\u010de ime Donja Dubrava, koja drve\u0107a su ljudi nekada sadili i koliko pa\u017enje su tome pridavali. Uo\u010dili smo kako su prema povijesnim kartama \u0161ume nekada bile ve\u0107e i opse\u017enije te da danas trpimo posljedice velike deforestacije i manjka zelenila u na\u0161em okoli\u0161u.<\/p>\n<p style=\"text-align: left;\"><img loading=\"lazy\" class=\"alignnone size-medium wp-image-507\" src=\"http:\/\/zeus-senjar.hr\/wp-content\/uploads\/2019\/10\/DD-Kolektivna-sadnja-26.10.2019-1-225x300.jpg\" alt=\"\" width=\"225\" height=\"300\" \/> <img loading=\"lazy\" class=\"alignnone size-medium wp-image-508\" src=\"http:\/\/zeus-senjar.hr\/wp-content\/uploads\/2019\/10\/DD-Kolektivna-sadnja-26.10.2019-5-300x225.jpg\" alt=\"\" width=\"300\" height=\"225\" \/> <img loading=\"lazy\" class=\"alignnone size-medium wp-image-509\" src=\"http:\/\/zeus-senjar.hr\/wp-content\/uploads\/2019\/10\/DD-Kolektivna-sadnja-26.10.2019-10-225x300.jpg\" alt=\"\" width=\"225\" height=\"300\" \/> <img loading=\"lazy\" class=\"alignnone size-medium wp-image-510\" src=\"http:\/\/zeus-senjar.hr\/wp-content\/uploads\/2019\/10\/DD-Kolektivna-sadnja-26.10.2019-19-300x225.jpg\" alt=\"\" width=\"300\" height=\"225\" \/> <img loading=\"lazy\" class=\"alignnone wp-image-511 size-medium\" src=\"http:\/\/zeus-senjar.hr\/wp-content\/uploads\/2019\/10\/DD-Kolektivna-sadnja-26.10.2019-24-e1572372163477-225x300.jpg\" alt=\"\" width=\"225\" height=\"300\" \/> <img loading=\"lazy\" class=\"alignnone size-medium wp-image-512\" src=\"http:\/\/zeus-senjar.hr\/wp-content\/uploads\/2019\/10\/DD-Kolektivna-sadnja-26.10.2019-27-300x225.jpg\" alt=\"\" width=\"300\" height=\"225\" \/> <img loading=\"lazy\" class=\"alignnone wp-image-513 size-medium\" src=\"http:\/\/zeus-senjar.hr\/wp-content\/uploads\/2019\/10\/DD-Kolektivna-sadnja-26.10.2019-35-e1572372180862-225x300.jpg\" alt=\"\" width=\"225\" height=\"300\" \/> <img loading=\"lazy\" class=\"alignnone size-medium wp-image-514\" src=\"http:\/\/zeus-senjar.hr\/wp-content\/uploads\/2019\/10\/DD-Kolektivna-sadnja-26.10.2019-41-300x225.jpg\" alt=\"\" width=\"300\" height=\"225\" \/> <img loading=\"lazy\" class=\"alignnone size-medium wp-image-515\" src=\"http:\/\/zeus-senjar.hr\/wp-content\/uploads\/2019\/10\/DD-Kolektivna-sadnja-26.10.2019-48-300x225.jpg\" alt=\"\" width=\"300\" height=\"225\" \/> <img loading=\"lazy\" class=\"alignnone size-medium wp-image-516\" src=\"http:\/\/zeus-senjar.hr\/wp-content\/uploads\/2019\/10\/DD-Kolektivna-sadnja-26.10.2019-50-225x300.jpg\" alt=\"\" width=\"225\" height=\"300\" \/>\u00a0<img loading=\"lazy\" class=\"alignnone size-medium wp-image-517\" src=\"http:\/\/zeus-senjar.hr\/wp-content\/uploads\/2019\/10\/IMG_20191026_083534-300x225.jpg\" alt=\"\" width=\"300\" height=\"225\" \/> <img loading=\"lazy\" class=\"alignnone size-medium wp-image-518\" src=\"http:\/\/zeus-senjar.hr\/wp-content\/uploads\/2019\/10\/IMG_20191026_083537-300x225.jpg\" alt=\"\" width=\"300\" height=\"225\" \/> <img loading=\"lazy\" class=\"alignnone size-medium wp-image-519\" src=\"http:\/\/zeus-senjar.hr\/wp-content\/uploads\/2019\/10\/IMG_20191026_083652-300x225.jpg\" alt=\"\" width=\"300\" height=\"225\" \/> <img loading=\"lazy\" class=\"alignnone size-medium wp-image-520\" src=\"http:\/\/zeus-senjar.hr\/wp-content\/uploads\/2019\/10\/IMG_20191026_085503-300x225.jpg\" alt=\"\" width=\"300\" height=\"225\" \/> <img loading=\"lazy\" class=\"alignnone size-medium wp-image-521\" src=\"http:\/\/zeus-senjar.hr\/wp-content\/uploads\/2019\/10\/IMG_20191026_091233-225x300.jpg\" alt=\"\" width=\"225\" height=\"300\" \/> <img loading=\"lazy\" class=\"alignnone size-medium wp-image-522\" src=\"http:\/\/zeus-senjar.hr\/wp-content\/uploads\/2019\/10\/IMG_20191026_094253-300x225.jpg\" alt=\"\" width=\"300\" height=\"225\" \/> <img loading=\"lazy\" class=\"alignnone size-medium wp-image-523\" src=\"http:\/\/zeus-senjar.hr\/wp-content\/uploads\/2019\/10\/IMG_20191026_094358-225x300.jpg\" alt=\"\" width=\"225\" height=\"300\" \/> <img loading=\"lazy\" class=\"alignnone size-medium wp-image-524\" src=\"http:\/\/zeus-senjar.hr\/wp-content\/uploads\/2019\/10\/IMG_20191026_094626-300x225.jpg\" alt=\"\" width=\"300\" height=\"225\" \/> <img loading=\"lazy\" class=\"alignnone size-medium wp-image-525\" src=\"http:\/\/zeus-senjar.hr\/wp-content\/uploads\/2019\/10\/IMG_20191026_095041-225x300.jpg\" alt=\"\" width=\"225\" height=\"300\" \/><br \/>\nUspjehu ove akcije sadnje pridonijelo je 60-ak sudionika, a velika podr\u0161ka bili su donatori: Op\u0107ina Donja Dubrava, Hrvatske \u0161ume, Printlab, Tehnodom, Tekstilna industrija Bali, OPG Vedran Klari\u0107, Gostionica Mlin, Pilana Brljak, Stolarija \u0160koda, Nauti\u010dki klub Fljojsar i Teniski klub Dubrav\u010dan.<\/p>\n<p>Samoj sadnji i <strong>kumstvu<\/strong> sadnicama su se uz ZEUS i Op\u0107inu Donja Dubrava pridru\u017eili jo\u0161 i: Osnovna \u0161kola Donja Dubrava te Mali volonteri, Dje\u010dji vrti\u0107 Klin\u010dec Donja Dubrava, Udruga \u017eena Donja Dubrava, Puha\u010dki orkestar Donja Dubrava, DVD Donja Dubrava, Teniski klub Dubrav\u010dan, Nogometni klub Dubrav\u010dan, KUD Selja\u010dka sloga, obitelj Perenc i obitelj \u017dini\u0107. <strong>\u010cestitamo kumovima<\/strong>, a podsje\u0107amo da redovito zalijevaju i obilaze te prate njihove sadnice u rastu!<\/p>\n<p><img loading=\"lazy\" class=\"alignnone wp-image-528 size-large\" src=\"http:\/\/zeus-senjar.hr\/wp-content\/uploads\/2019\/10\/Upute-kumovima-724x1024.jpg\" alt=\"\" width=\"590\" height=\"834\" \/><\/p>\n<p>Ovim putem zahvaljujemo svima koji su nam se pridru\u017eili i zazelenili za jo\u0161 koju nijansu zelenu Dobravu!<br \/>\nZasadi i ti drvo, ne budi panj!<\/p>\n","protected":false},"excerpt":{"rendered":"<p>Uz predivan dan i nadlijetanje \u0161tekavaca prisjetili smo se danas zbog \u010dega vrijedi osigurati mjesta i za vegetaciju koja je zapravo neopodna za \u017eivot na Zemlji. Hrast lu\u017enjak, crni i bijeli dud, tu\u017ena vrba, jorgovan&#8230; To su samo neke od novih sadnica koje su dobile svoje nove domove i zapo\u010dele svoj dugogodi\u0161nji rast u Donjoj<\/p>\n<div class='read-more-button'><a class='read-more-link' href='https:\/\/zeus-senjar.hr\/web2\/index.php\/2019\/10\/29\/pokumili-se-preko-novih-sadnica-u-akciji-sadnje-drveca\/' style='border: 1px solid #2eae37'>Pro\u010ditaj vi\u0161e&#8230;<\/a><\/div>\n","protected":false},"author":1,"featured_media":579,"comment_status":"open","ping_status":"open","sticky":false,"template":"","format":"standard","meta":[],"categories":[1],"tags":[],"_links":{"self":[{"href":"https:\/\/zeus-senjar.hr\/web2\/index.php\/wp-json\/wp\/v2\/posts\/503"}],"collection":[{"href":"https:\/\/zeus-senjar.hr\/web2\/index.php\/wp-json\/wp\/v2\/posts"}],"about":[{"href":"https:\/\/zeus-senjar.hr\/web2\/index.php\/wp-json\/wp\/v2\/types\/post"}],"author":[{"embeddable":true,"href":"https:\/\/zeus-senjar.hr\/web2\/index.php\/wp-json\/wp\/v2\/users\/1"}],"replies":[{"embeddable":true,"href":"https:\/\/zeus-senjar.hr\/web2\/index.php\/wp-json\/wp\/v2\/comments?post=503"}],"version-history":[{"count":1,"href":"https:\/\/zeus-senjar.hr\/web2\/index.php\/wp-json\/wp\/v2\/posts\/503\/revisions"}],"predecessor-version":[{"id":596,"href":"https:\/\/zeus-senjar.hr\/web2\/index.php\/wp-json\/wp\/v2\/posts\/503\/revisions\/596"}],"wp:featuredmedia":[{"embeddable":true,"href":"https:\/\/zeus-senjar.hr\/web2\/index.php\/wp-json\/wp\/v2\/media\/579"}],"wp:attachment":[{"href":"https:\/\/zeus-senjar.hr\/web2\/index.php\/wp-json\/wp\/v2\/media?parent=503"}],"wp:term":[{"taxonomy":"category","embeddable":true,"href":"https:\/\/zeus-senjar.hr\/web2\/index.php\/wp-json\/wp\/v2\/categories?post=503"},{"taxonomy":"post_tag","embeddable":true,"href":"https:\/\/zeus-senjar.hr\/web2\/index.php\/wp-json\/wp\/v2\/tags?post=503"}],"curies":[{"name":"wp","href":"https:\/\/api.w.org\/{rel}","templated":true}]}}