{"id":701,"date":"2018-08-26T18:12:16","date_gmt":"2018-08-26T18:12:16","guid":{"rendered":"https:\/\/zeus-senjar.hr\/web2\/?p=701"},"modified":"2021-03-26T18:15:34","modified_gmt":"2021-03-26T18:15:34","slug":"zeus-zaokruzio-ljetnu-sezonu-na-danima-ljuka-2018","status":"publish","type":"post","link":"https:\/\/zeus-senjar.hr\/web2\/index.php\/2018\/08\/26\/zeus-zaokruzio-ljetnu-sezonu-na-danima-ljuka-2018\/","title":{"rendered":"ZEUS ZAOKRU\u017dIO LJETNU SEZONU NA DANIMA LJUKA 2018"},"content":{"rendered":"<p style=\"text-align: center;\"><em>Ve\u0107 niz godina ZEUS se pridru\u017euje manifestaciji Op\u0107ine Donja Dubrava pod prepoznatljivim nazivom \u02ddDani dobravskog ljuka\u02dd, koja se svake godine odr\u017eava u kolovozu.<\/em><\/p>\n<p>Svojevrstan kraj ovogodi\u0161nje ljetne sezone ZEUS je obilje\u017eio izlaganjem i prezentiranjem udruge na \u0161tandu u Donjoj Dubravi uz dru\u0161tvo najve\u0107ih me\u0111imurskih ekolo\u0161kih proizvo\u0111a\u010da, OPG-ova, udruga i ostalih koje ova tematika privla\u010di. Ovogodi\u0161nje izlaganje 26. kolovoza proteklo je s ne\u0161to manjim brojem posjetitelja, \u0161to je uzrokovalo naglo zahladnjenje i promjena vremena. Hladni vjetar, ki\u0161a i tmurni oblaci su nas podsjetili kako smo \u017ertve globalnog zatopljenja te smo iz kupa\u0107ih kostima i kolovo\u0161kih ljetnih spusteva na Dravi preko no\u0107i usko\u010dili u jesenske jakne i duge rukave. No, osim vremena, mo\u017eemo re\u0107i da je izlaganje ipak bilo uspje\u0161no kao i svake godine. Vremenske (ne)prilike nisu obeshrabrile Zeusovke koje su od jutra bile za \u0161tandom i posjetitelje upoznavale s djelatnosti udruge.<\/p>\n<p>Hvala neumornim umjetnicama Kristini i Ani na uvijek umje\u0161nom i zanimljivom dekoriranju na\u0161eg \u0161tanda koje privla\u010di poglede posjetitelja, a hvala i Petri, Jeleni, Moniki i Andreji na de\u017eurstvu u na\u0161em kutku na \u02ddDanima dobravskog ljuka\u02dd!<\/p>\n<p><img loading=\"lazy\" class=\"alignnone wp-image-446\" src=\"http:\/\/zeus-senjar.hr\/wp-content\/uploads\/2018\/08\/IMG-4d3c4b0c5e02a45e4ec56931388c287a-V-300x225.jpg\" alt=\"\" width=\"323\" height=\"242\" \/><\/p>\n","protected":false},"excerpt":{"rendered":"<p>Ve\u0107 niz godina ZEUS se pridru\u017euje manifestaciji Op\u0107ine Donja Dubrava pod prepoznatljivim nazivom \u02ddDani dobravskog ljuka\u02dd, koja se svake godine odr\u017eava u kolovozu. Svojevrstan kraj ovogodi\u0161nje ljetne sezone ZEUS je obilje\u017eio izlaganjem i prezentiranjem udruge na \u0161tandu u Donjoj Dubravi uz dru\u0161tvo najve\u0107ih me\u0111imurskih ekolo\u0161kih proizvo\u0111a\u010da, OPG-ova, udruga i ostalih koje ova tematika privla\u010di. Ovogodi\u0161nje<\/p>\n<div class='read-more-button'><a class='read-more-link' href='https:\/\/zeus-senjar.hr\/web2\/index.php\/2018\/08\/26\/zeus-zaokruzio-ljetnu-sezonu-na-danima-ljuka-2018\/' style='border: 1px solid #2eae37'>Pro\u010ditaj vi\u0161e&#8230;<\/a><\/div>\n","protected":false},"author":1,"featured_media":703,"comment_status":"open","ping_status":"open","sticky":false,"template":"","format":"standard","meta":[],"categories":[1],"tags":[],"_links":{"self":[{"href":"https:\/\/zeus-senjar.hr\/web2\/index.php\/wp-json\/wp\/v2\/posts\/701"}],"collection":[{"href":"https:\/\/zeus-senjar.hr\/web2\/index.php\/wp-json\/wp\/v2\/posts"}],"about":[{"href":"https:\/\/zeus-senjar.hr\/web2\/index.php\/wp-json\/wp\/v2\/types\/post"}],"author":[{"embeddable":true,"href":"https:\/\/zeus-senjar.hr\/web2\/index.php\/wp-json\/wp\/v2\/users\/1"}],"replies":[{"embeddable":true,"href":"https:\/\/zeus-senjar.hr\/web2\/index.php\/wp-json\/wp\/v2\/comments?post=701"}],"version-history":[{"count":3,"href":"https:\/\/zeus-senjar.hr\/web2\/index.php\/wp-json\/wp\/v2\/posts\/701\/revisions"}],"predecessor-version":[{"id":706,"href":"https:\/\/zeus-senjar.hr\/web2\/index.php\/wp-json\/wp\/v2\/posts\/701\/revisions\/706"}],"wp:featuredmedia":[{"embeddable":true,"href":"https:\/\/zeus-senjar.hr\/web2\/index.php\/wp-json\/wp\/v2\/media\/703"}],"wp:attachment":[{"href":"https:\/\/zeus-senjar.hr\/web2\/index.php\/wp-json\/wp\/v2\/media?parent=701"}],"wp:term":[{"taxonomy":"category","embeddable":true,"href":"https:\/\/zeus-senjar.hr\/web2\/index.php\/wp-json\/wp\/v2\/categories?post=701"},{"taxonomy":"post_tag","embeddable":true,"href":"https:\/\/zeus-senjar.hr\/web2\/index.php\/wp-json\/wp\/v2\/tags?post=701"}],"curies":[{"name":"wp","href":"https:\/\/api.w.org\/{rel}","templated":true}]}}