{"id":711,"date":"2021-05-23T08:15:17","date_gmt":"2021-05-23T08:15:17","guid":{"rendered":"https:\/\/zeus-senjar.hr\/web2\/?p=711"},"modified":"2021-05-24T18:04:53","modified_gmt":"2021-05-24T18:04:53","slug":"odrzan-prvi-sastanak-radne-skupine-za-izvedbu-poucne-sumske-staze-vrata-pazuta","status":"publish","type":"post","link":"https:\/\/zeus-senjar.hr\/web2\/index.php\/2021\/05\/23\/odrzan-prvi-sastanak-radne-skupine-za-izvedbu-poucne-sumske-staze-vrata-pazuta\/","title":{"rendered":"Odr\u017ean prvi sastanak radne skupine za izvedbu  pou\u010dne \u0161umske staze Vrata Pa\u017euta"},"content":{"rendered":"<p><a href=\"https:\/\/zeus-senjar.hr\/web2\/wp-content\/uploads\/2021\/03\/Ruralni.png\"><img loading=\"lazy\" class=\"alignleft wp-image-669\" src=\"https:\/\/zeus-senjar.hr\/web2\/wp-content\/uploads\/2021\/03\/Ruralni.png\" alt=\"\" width=\"199\" height=\"87\" srcset=\"https:\/\/zeus-senjar.hr\/web2\/wp-content\/uploads\/2021\/03\/Ruralni.png 992w, https:\/\/zeus-senjar.hr\/web2\/wp-content\/uploads\/2021\/03\/Ruralni-300x131.png 300w, https:\/\/zeus-senjar.hr\/web2\/wp-content\/uploads\/2021\/03\/Ruralni-768x336.png 768w\" sizes=\"(max-width: 199px) 100vw, 199px\" \/><\/a><\/p>\n<p>Dana 21. svibnja 2021. Za\u0161titarsko-ekolo\u0161ka udruga \u02ddSenjar\u02dd [ZeuS] iz Donje Dubrave odr\u017eala je 1. sastanak radne skupine za izvedbu pou\u010dne \u0161umske staze Vrata Pa\u017euta kojoj su se odazvali svi pozvani. Uz pridr\u017eavanje svih epidemiolo\u0161kih uvjeta ovo je bila odli\u010dna prilika da se otvori diskusija po svim otvorenim pitanjima i da se utana\u010de sve otvorene teme.<\/p>\n<p>Projektant \u0161umske staze arhitekt Lorand Klemen\u010di\u0107 prezentirao je primjere sli\u010dnih pou\u010dnih staza u regiji te je istaknuo da je ova prva takve vrste na prostoru donjeg Me\u0111imurja i bli\u017ee Podravine, stoga je va\u017enost projekta ve\u0107a jer \u0107e biti ujedno i ogledni primjer staze u nizinskoj naplavnoj \u0161umi s edukativnim sadr\u017eajem. Prije samog sastanka obi\u0111ena je trasa budu\u0107e staze.<\/p>\n<p>Dalje se prisutnim obratio voditelj projekta Goran \u010ci\u017eme\u0161ija koji je iznio mi\u0161ljene o klju\u010dnim punktovima i poruci staze te zajedno s projekt managerom Matijom Mohari\u0107em prokomentirao sljede\u0107e korake koji predstoje do kraja lipnja, a vezani su uz zahtjeve koji su propisani za tip operacije 8.5.2 \u201eUspostava i ure\u0111enje pou\u010dnih staza, vidikovaca i ostale manje infrastrukture\u201c iz podmjere 8.5 \u201ePotpora za ulaganja u pobolj\u0161anje otpornosti i okoli\u0161ne vrijednosti \u0161umskih ekosustava\u201c programa ruralnog razvoja Republike Hrvatske za razdoblje 2014. &#8211; 2020.. Definirani su rokovi za prvu fazu fizi\u010dkog trasiranja staze do 15. studenog 2021. te druga faza opremanje staze do 15. travnja 2022. godine. Tako\u0111er, usugla\u0161en je nacrt ugovora s \u00a0odabranim izvo\u0111a\u010dem radova \u2013 Obrtom za usluge u \u0161umarstvu vl. Marjanovi\u0107 Drago iz Karlovca. Usugla\u0161eni su svi elementi ugovora te \u0107e se u narednih par dana pristupiti isho\u0111enju zadu\u017enice kao garancije za ispravnost izvedbe radova i potpisivanju ugovora. Gdin Marjanovi\u0107 je prezentirao svoju djelatnost i reference te govorio o tehnologiji koju posjeduje i iskustvu. Nakon postignutih konsenzusa predsjednica udruge Ana Perc i dopredsjednica udruge ZEUS Andrea Vagaj uru\u010dile su izvo\u0111a\u010du radova prigodne me\u0111imurske poklone: bu\u010dino ulje uljare Dobrava te me\u0111imurski gin i pivo \u201eTo je vuk\u201c pivovare Lepi De\u010dki.<\/p>\n<p>Nazo\u010dni na\u010delnik Op\u0107ine gdin Marijan Varga i pro\u010delnica Monika \u017dini\u0107 izrazili su zadovoljstvo \u0161to se uslijed epidemije i niza ote\u017eavaju\u0107ih situacija ipak nije odustalo od ovog va\u017enog projekta te naveli i ostale prijavljene projekte i prilike na kojima se nadaju suradnji s udrugom ZeuS.<\/p>\n<p>Istaknuto je kako je nasu\u0161na potreba da se izna\u0111e prostora i na\u010dina da se ovome projektu osigura ne samo potpora Op\u0107ine Donja Dubrava nego i Me\u0111imurske \u017eupanije u kojem smjeru \u0107e se dalje raditi s obzirom da su svi tro\u0161kovi radova sada 30-40% ve\u0107i nego 2018. godine kada je projekt prijavljen. Gdin Varga je na to potvrdio da \u0107e se udruzi ZEUS iza\u0107i u susret maksimalno s anuliranjem tro\u0161kova pozajmice, kamatom i dodatnih sredstvima potrebnim za provedbu i nadzor projekta.<\/p>\n<p>Radna skupina ZeuS-a<\/p>\n<p>&nbsp;<\/p>\n<p><a href=\"https:\/\/zeus-senjar.hr\/web2\/wp-content\/uploads\/2021\/05\/IMG-20210524-WA0001.jpg\"><img loading=\"lazy\" class=\"alignnone wp-image-718\" src=\"https:\/\/zeus-senjar.hr\/web2\/wp-content\/uploads\/2021\/05\/IMG-20210524-WA0001-1024x768.jpg\" alt=\"\" width=\"800\" height=\"600\" srcset=\"https:\/\/zeus-senjar.hr\/web2\/wp-content\/uploads\/2021\/05\/IMG-20210524-WA0001-1024x768.jpg 1024w, https:\/\/zeus-senjar.hr\/web2\/wp-content\/uploads\/2021\/05\/IMG-20210524-WA0001-300x225.jpg 300w, https:\/\/zeus-senjar.hr\/web2\/wp-content\/uploads\/2021\/05\/IMG-20210524-WA0001-768x576.jpg 768w, https:\/\/zeus-senjar.hr\/web2\/wp-content\/uploads\/2021\/05\/IMG-20210524-WA0001-1536x1152.jpg 1536w, https:\/\/zeus-senjar.hr\/web2\/wp-content\/uploads\/2021\/05\/IMG-20210524-WA0001.jpg 1600w\" sizes=\"(max-width: 800px) 100vw, 800px\" \/><\/a><\/p>\n<p><a href=\"https:\/\/zeus-senjar.hr\/web2\/wp-content\/uploads\/2021\/05\/20210521_181036-scaled.jpg\"><img loading=\"lazy\" class=\"aligncenter wp-image-712\" src=\"https:\/\/zeus-senjar.hr\/web2\/wp-content\/uploads\/2021\/05\/20210521_181036-1024x768.jpg\" alt=\"\" width=\"800\" height=\"600\" srcset=\"https:\/\/zeus-senjar.hr\/web2\/wp-content\/uploads\/2021\/05\/20210521_181036-1024x768.jpg 1024w, https:\/\/zeus-senjar.hr\/web2\/wp-content\/uploads\/2021\/05\/20210521_181036-300x225.jpg 300w, https:\/\/zeus-senjar.hr\/web2\/wp-content\/uploads\/2021\/05\/20210521_181036-768x576.jpg 768w, https:\/\/zeus-senjar.hr\/web2\/wp-content\/uploads\/2021\/05\/20210521_181036-1536x1152.jpg 1536w, https:\/\/zeus-senjar.hr\/web2\/wp-content\/uploads\/2021\/05\/20210521_181036-2048x1536.jpg 2048w\" sizes=\"(max-width: 800px) 100vw, 800px\" \/><\/a><\/p>\n<p><a href=\"https:\/\/zeus-senjar.hr\/web2\/wp-content\/uploads\/2021\/05\/20210521_192058-scaled.jpg\"><img loading=\"lazy\" class=\"aligncenter wp-image-714\" src=\"https:\/\/zeus-senjar.hr\/web2\/wp-content\/uploads\/2021\/05\/20210521_192058-1024x768.jpg\" alt=\"\" width=\"800\" height=\"600\" srcset=\"https:\/\/zeus-senjar.hr\/web2\/wp-content\/uploads\/2021\/05\/20210521_192058-1024x768.jpg 1024w, https:\/\/zeus-senjar.hr\/web2\/wp-content\/uploads\/2021\/05\/20210521_192058-300x225.jpg 300w, https:\/\/zeus-senjar.hr\/web2\/wp-content\/uploads\/2021\/05\/20210521_192058-768x576.jpg 768w, https:\/\/zeus-senjar.hr\/web2\/wp-content\/uploads\/2021\/05\/20210521_192058-1536x1152.jpg 1536w, https:\/\/zeus-senjar.hr\/web2\/wp-content\/uploads\/2021\/05\/20210521_192058-2048x1536.jpg 2048w\" sizes=\"(max-width: 800px) 100vw, 800px\" \/><\/a><\/p>\n<p>&#8220;Europski fond za ruralni razvoj \/ Europa ula\u017ee u ruralna podru\u010dja&#8221;<\/p>\n<p>&nbsp;<\/p>\n","protected":false},"excerpt":{"rendered":"<p>Dana 21. svibnja 2021. Za\u0161titarsko-ekolo\u0161ka udruga \u02ddSenjar\u02dd [ZeuS] iz Donje Dubrave odr\u017eala je 1. sastanak radne skupine za izvedbu pou\u010dne \u0161umske staze Vrata Pa\u017euta kojoj su se odazvali svi pozvani. Uz pridr\u017eavanje svih epidemiolo\u0161kih uvjeta ovo je bila odli\u010dna prilika da se otvori diskusija po svim otvorenim pitanjima i da se utana\u010de sve otvorene teme.<\/p>\n<div class='read-more-button'><a class='read-more-link' href='https:\/\/zeus-senjar.hr\/web2\/index.php\/2021\/05\/23\/odrzan-prvi-sastanak-radne-skupine-za-izvedbu-poucne-sumske-staze-vrata-pazuta\/' style='border: 1px solid #2eae37'>Pro\u010ditaj vi\u0161e&#8230;<\/a><\/div>\n","protected":false},"author":1,"featured_media":719,"comment_status":"open","ping_status":"open","sticky":false,"template":"","format":"standard","meta":[],"categories":[1],"tags":[],"_links":{"self":[{"href":"https:\/\/zeus-senjar.hr\/web2\/index.php\/wp-json\/wp\/v2\/posts\/711"}],"collection":[{"href":"https:\/\/zeus-senjar.hr\/web2\/index.php\/wp-json\/wp\/v2\/posts"}],"about":[{"href":"https:\/\/zeus-senjar.hr\/web2\/index.php\/wp-json\/wp\/v2\/types\/post"}],"author":[{"embeddable":true,"href":"https:\/\/zeus-senjar.hr\/web2\/index.php\/wp-json\/wp\/v2\/users\/1"}],"replies":[{"embeddable":true,"href":"https:\/\/zeus-senjar.hr\/web2\/index.php\/wp-json\/wp\/v2\/comments?post=711"}],"version-history":[{"count":5,"href":"https:\/\/zeus-senjar.hr\/web2\/index.php\/wp-json\/wp\/v2\/posts\/711\/revisions"}],"predecessor-version":[{"id":716,"href":"https:\/\/zeus-senjar.hr\/web2\/index.php\/wp-json\/wp\/v2\/posts\/711\/revisions\/716"}],"wp:featuredmedia":[{"embeddable":true,"href":"https:\/\/zeus-senjar.hr\/web2\/index.php\/wp-json\/wp\/v2\/media\/719"}],"wp:attachment":[{"href":"https:\/\/zeus-senjar.hr\/web2\/index.php\/wp-json\/wp\/v2\/media?parent=711"}],"wp:term":[{"taxonomy":"category","embeddable":true,"href":"https:\/\/zeus-senjar.hr\/web2\/index.php\/wp-json\/wp\/v2\/categories?post=711"},{"taxonomy":"post_tag","embeddable":true,"href":"https:\/\/zeus-senjar.hr\/web2\/index.php\/wp-json\/wp\/v2\/tags?post=711"}],"curies":[{"name":"wp","href":"https:\/\/api.w.org\/{rel}","templated":true}]}}