{"id":729,"date":"2021-06-29T06:20:18","date_gmt":"2021-06-29T06:20:18","guid":{"rendered":"https:\/\/zeus-senjar.hr\/web2\/?p=729"},"modified":"2021-06-29T12:36:41","modified_gmt":"2021-06-29T12:36:41","slug":"tradicionalana-zeusova-biciklijada-i-izlozba-dobravi-na-stimanje","status":"publish","type":"post","link":"https:\/\/zeus-senjar.hr\/web2\/index.php\/2021\/06\/29\/tradicionalana-zeusova-biciklijada-i-izlozba-dobravi-na-stimanje\/","title":{"rendered":"Tradicionalna Zeusova biciklijada i izlo\u017eba &#8220;Dobravi na \u0161timanje&#8221;"},"content":{"rendered":"<div class=\"kvgmc6g5 cxmmr5t8 oygrvhab hcukyx3x c1et5uql\">Za\u0161titarsko-ekolo\u0161ka udruga Senjar u svojih 22 godina postojanja provela je brojne (re)kreacijeske aktivnosti boravka i edukacije u prirodi kao i kulturne manifestacije. Ove godine dane op\u0107ine Donja Dubrava dopunit \u0107e <strong>10. srpnja od 9h edukativnom biciklijadom<\/strong> do u\u0161\u0107a Mure i Drave te izlo\u017ebom dobravskih likovnih autora \u201cDobravi na \u0161timanje\u201d.<\/div>\n<div class=\"o9v6fnle cxmmr5t8 oygrvhab hcukyx3x c1et5uql\">Prema kustoskom konceptu voditeljice izlaga\u010dke sekcije Kristine Pongrac u ovoj izlo\u017ebi likovne radove predstavlja osam dobravskih autora &#8211; Marina Horvat, Sanja Duhovi\u0107, Josip Jakupak, Antun Benko, Nenad \u010ci\u017eme\u0161ija, Zlatko Me\u0111imurec, Zoran Horvat, \u0110ura Kru\u0161elj.<br \/>\nU slikarskim i kiparskim tehnikama prikazani su motivi iz kulturne i prirodne ba\u0161tine Donje Dubrave te dodatna samostalna autorska ostvarenja.<br \/>\nZastupljene su tehnike akrila i ulja na platnu, akvarel i drvorez.<\/div>\n<div class=\"o9v6fnle cxmmr5t8 oygrvhab hcukyx3x c1et5uql\">OTVORENJE IZLO\u017dBE: 09.07.2020. u 20:00 sati<br \/>\nMJESTO: Info centar u dvori\u0161tu Zalan, Trg Republike, Donja Dubrava<\/div>\n<div class=\"o9v6fnle cxmmr5t8 oygrvhab hcukyx3x c1et5uql\">Nakon izlo\u017ebe, 10. srpnja 2021. biciklijada \u0107e nas odvesti do u\u0161\u0107a Mure i Drave te posebne dravske kolonije obalnih lastavica, gdje \u0107e posjetitelji mo\u0107i iskusiti \u010dari promatranja ptica. Rekreativni dio stru\u010dnjaci iz podru\u010dja geografije, povijesti i etnologije \u0107e nam dopuniti kratkom edukacijom o zanimljivostima tog dijela Me\u0111imurja i Podravine.<\/div>\n<div class=\"o9v6fnle cxmmr5t8 oygrvhab hcukyx3x c1et5uql\"><span style=\"text-decoration: underline;\"><strong>Do\u0111ite i uklju\u010dite se u aktivnosti!<\/strong><\/span><\/div>\n<div class=\"o9v6fnle cxmmr5t8 oygrvhab hcukyx3x c1et5uql\">Ovogodi\u0161nje aktivnosti dio su projekta \u201cDobravi na \u0161timanje &#8211; biciklijada i izlo\u017eba dobravskih umjetnika\u201d sufinanciranog sredstvima op\u0107ine Donja Dubrava, a parola im je \u201eUpoznajmo i o\u010duvajmo prirodni okoli\u0161 Dobrave\u201c. <a href=\"https:\/\/zeus-senjar.hr\/web2\/wp-content\/uploads\/2021\/06\/ZEUS-izlozba.jpg\"><img loading=\"lazy\" class=\"aligncenter size-large wp-image-730\" src=\"https:\/\/zeus-senjar.hr\/web2\/wp-content\/uploads\/2021\/06\/ZEUS-izlozba-1024x808.jpg\" alt=\"\" width=\"1024\" height=\"808\" srcset=\"https:\/\/zeus-senjar.hr\/web2\/wp-content\/uploads\/2021\/06\/ZEUS-izlozba-1024x808.jpg 1024w, https:\/\/zeus-senjar.hr\/web2\/wp-content\/uploads\/2021\/06\/ZEUS-izlozba-300x237.jpg 300w, https:\/\/zeus-senjar.hr\/web2\/wp-content\/uploads\/2021\/06\/ZEUS-izlozba-768x606.jpg 768w, https:\/\/zeus-senjar.hr\/web2\/wp-content\/uploads\/2021\/06\/ZEUS-izlozba-1536x1212.jpg 1536w, https:\/\/zeus-senjar.hr\/web2\/wp-content\/uploads\/2021\/06\/ZEUS-izlozba.jpg 1754w\" sizes=\"(max-width: 1024px) 100vw, 1024px\" \/><\/a><\/div>\n","protected":false},"excerpt":{"rendered":"<p>Za\u0161titarsko-ekolo\u0161ka udruga Senjar u svojih 22 godina postojanja provela je brojne (re)kreacijeske aktivnosti boravka i edukacije u prirodi kao i kulturne manifestacije. Ove godine dane op\u0107ine Donja Dubrava dopunit \u0107e 10. srpnja od 9h edukativnom biciklijadom do u\u0161\u0107a Mure i Drave te izlo\u017ebom dobravskih likovnih autora \u201cDobravi na \u0161timanje\u201d. Prema kustoskom konceptu voditeljice izlaga\u010dke sekcije<\/p>\n<div class='read-more-button'><a class='read-more-link' href='https:\/\/zeus-senjar.hr\/web2\/index.php\/2021\/06\/29\/tradicionalana-zeusova-biciklijada-i-izlozba-dobravi-na-stimanje\/' style='border: 1px solid #2eae37'>Pro\u010ditaj vi\u0161e&#8230;<\/a><\/div>\n","protected":false},"author":1,"featured_media":571,"comment_status":"open","ping_status":"open","sticky":false,"template":"","format":"standard","meta":[],"categories":[1],"tags":[],"_links":{"self":[{"href":"https:\/\/zeus-senjar.hr\/web2\/index.php\/wp-json\/wp\/v2\/posts\/729"}],"collection":[{"href":"https:\/\/zeus-senjar.hr\/web2\/index.php\/wp-json\/wp\/v2\/posts"}],"about":[{"href":"https:\/\/zeus-senjar.hr\/web2\/index.php\/wp-json\/wp\/v2\/types\/post"}],"author":[{"embeddable":true,"href":"https:\/\/zeus-senjar.hr\/web2\/index.php\/wp-json\/wp\/v2\/users\/1"}],"replies":[{"embeddable":true,"href":"https:\/\/zeus-senjar.hr\/web2\/index.php\/wp-json\/wp\/v2\/comments?post=729"}],"version-history":[{"count":4,"href":"https:\/\/zeus-senjar.hr\/web2\/index.php\/wp-json\/wp\/v2\/posts\/729\/revisions"}],"predecessor-version":[{"id":734,"href":"https:\/\/zeus-senjar.hr\/web2\/index.php\/wp-json\/wp\/v2\/posts\/729\/revisions\/734"}],"wp:featuredmedia":[{"embeddable":true,"href":"https:\/\/zeus-senjar.hr\/web2\/index.php\/wp-json\/wp\/v2\/media\/571"}],"wp:attachment":[{"href":"https:\/\/zeus-senjar.hr\/web2\/index.php\/wp-json\/wp\/v2\/media?parent=729"}],"wp:term":[{"taxonomy":"category","embeddable":true,"href":"https:\/\/zeus-senjar.hr\/web2\/index.php\/wp-json\/wp\/v2\/categories?post=729"},{"taxonomy":"post_tag","embeddable":true,"href":"https:\/\/zeus-senjar.hr\/web2\/index.php\/wp-json\/wp\/v2\/tags?post=729"}],"curies":[{"name":"wp","href":"https:\/\/api.w.org\/{rel}","templated":true}]}}