{"id":78,"date":"2017-04-15T18:22:55","date_gmt":"2017-04-15T18:22:55","guid":{"rendered":"https:\/\/oobo.weboder.net\/zeus1\/?p=78"},"modified":"2021-02-28T12:05:39","modified_gmt":"2021-02-28T12:05:39","slug":"ociscena-obala-rijeke-drave","status":"publish","type":"post","link":"https:\/\/zeus-senjar.hr\/web2\/index.php\/2017\/04\/15\/ociscena-obala-rijeke-drave\/","title":{"rendered":"O\u010di\u0161\u0107ena obala rijeke Drave"},"content":{"rendered":"<p class=\"bigger-text\"><strong class=\"theme_color\">O\u010di\u0161\u0107ena obala rijeke Drave za povratak bregunica. Bregunica je jedna od najugro\u017eenijih ptica u Hrvatskoj, na udaru posebice zbog obaloutvrda i izgradnje hidroelektrana.<\/strong><\/p>\n<p>U subotu 2. travnja 2016. godine u Donjoj Dubravi se odr\u017eala akcija ure\u0111enja obala rijeke Drave. Dvije lokacije sada su spremne za gnjije\u017e\u0111enje bregunica, ptica koje \u0107e se uskoro po\u010deti vra\u0107ati s ju\u017enih krajeva. Sudjelovalo je 30-ak volontera i suradnika iz razli\u010ditih krajeva Hrvatske i inozemstva. Akcija je organizirana od strane svjetske ekolo\u0161ke organizacije WWF Adria uz pomo\u0107 Za\u0161titarsko-ekolo\u0161ke udruge Senjar iz Donje Dubrave te uz mnoge druge suradnike i nevladine organizacije u sklopu projekta \u02ddBregunica \u2013 ptica 2016. godine\u02dd.<\/p>\n<p>Bregunica ili obalna lastavica je ambasador \u010diste i \u017eive rijeke Drave, \u010dije su prirodne strme obale pogodne za stani\u0161te ove ptice. Tako na Dravi \u017eivi jo\u0161 oko 50% hrvatske populacije bregunica, me\u0111utim broj parova se u posljednjih 30 godina smanjio za 90%, pa su zato potrebne nu\u017ene mjere za o\u010duvanje ove vrste i njenih stani\u0161ta.<\/p>\n<p>Akcija je zapo\u010dela u jutarnjim subotnjim satima, gdje su sve prisutne pozdravile voditeljice organizatora, Branka \u0160pani\u010dek iz WWF-a te Janja \u0160koda iz ZeuS-a. Nakon toga krenulo se na odabrane dvije lokacije, gdje su volonteri pripremili obalu tako da bude strma, sigurna i pogodna za nastambu bregunica. Nakon odra\u0111enog posla i uz zadovoljna lica je slijedilo dru\u017eenje uz gula\u0161<\/p>\n<p>\u201eBregunica i druge vrste dravskih ptica pod velikim su pritiskom zbog nestanka stani\u0161ta. U prvom redu zbog obaloutvrda i izgradnje hidroelektrana koje mijenjaju prirodnu dinamiku rijeke i onemogu\u0107uju stvaranje prirodno strmih obala, glavnih stani\u0161ta ovih iznimnih ptica. Zato je WWF zajedno s brojnim udrugama pokrenuo kampanju za o\u010duvanje bregunice i njenih stani\u0161ta. Dana\u0161njom akcijom uredili smo 200 metara obala Drave, kako bi se za nekoliko tjedana kad se vrati iz Afrike tu mogla naseliti ve\u0107a kolonija bregunica\u201c, rekla je Branka \u0160pani\u010dek, voditeljica projekata u WWF Adria.<\/p>\n<p>Ovom akcijom organizatori su istaknuli va\u017enost za o\u010duvanje i za\u0161titu bregunice i njenih stani\u0161ta. Uz o\u010duvanje postoje\u0107ih kolonija, potrebno je obnoviti i dosad uni\u0161tena stani\u0161ta. Glavne prijetnje ovim pticama su regulacije i kori\u0161tenje pesticida du\u017e rije\u010dnog koridora rijeke Drave, \u010dime se ubija njihov glavni izvor hrane &#8211; kukci.<\/p>\n<p>Veli\u010dine od oko 12 cm i te\u017eine samo 14 grama, bregunica (Riparia riparia) je najmanja europska lastavica. To je vrlo dru\u0161tvena vrsta, koja gnijezdi u kolonijama. Gnijezda obi\u010dno izgrade u prirodnim, okomitim, pjeskovitim obalama rijeka. Kada se bregunice u travnju vra\u0107aju iz Afrike na Dravu, po\u010dinju kopati oko 70 cm duboke rupe u strme obale rijeke. Bregunice se hrane malim, lete\u0107im kukcima, npr. komarcima, i jedna obitelj mo\u017ee ih pojesti i do 10.000 na dan, \u010dime \u010dine veliku uslugu ljudima i drugim \u017eivotinjama, naro\u010dito stoci.<\/p>\n<p>Kao dio kampanje \u201eBregunica \u2013 ptica 2016. godine\u201c, \u0161kole iz razli\u010ditih \u017eupanija \u0107e i\u0107i na stru\u010dnu ekskurziju brodom kako bi mogli vidjeti rezultat dana\u0161nje akcije i vidjeti jednu od najve\u0107ih kolonija bregunica u Hrvatskoj.<\/p>\n<p>Janja \u0160koda<\/p>\n","protected":false},"excerpt":{"rendered":"<p>O\u010di\u0161\u0107ena obala rijeke Drave za povratak bregunica. Bregunica je jedna od najugro\u017eenijih ptica u Hrvatskoj, na udaru posebice zbog obaloutvrda i izgradnje hidroelektrana. U subotu 2. travnja 2016. godine u Donjoj Dubravi se odr\u017eala akcija ure\u0111enja obala rijeke Drave. Dvije lokacije sada su spremne za gnjije\u017e\u0111enje bregunica, ptica koje \u0107e se uskoro po\u010deti vra\u0107ati s<\/p>\n<div class='read-more-button'><a class='read-more-link' href='https:\/\/zeus-senjar.hr\/web2\/index.php\/2017\/04\/15\/ociscena-obala-rijeke-drave\/' style='border: 1px solid #2eae37'>Pro\u010ditaj vi\u0161e&#8230;<\/a><\/div>\n","protected":false},"author":2,"featured_media":19,"comment_status":"open","ping_status":"open","sticky":false,"template":"","format":"standard","meta":[],"categories":[1],"tags":[],"_links":{"self":[{"href":"https:\/\/zeus-senjar.hr\/web2\/index.php\/wp-json\/wp\/v2\/posts\/78"}],"collection":[{"href":"https:\/\/zeus-senjar.hr\/web2\/index.php\/wp-json\/wp\/v2\/posts"}],"about":[{"href":"https:\/\/zeus-senjar.hr\/web2\/index.php\/wp-json\/wp\/v2\/types\/post"}],"author":[{"embeddable":true,"href":"https:\/\/zeus-senjar.hr\/web2\/index.php\/wp-json\/wp\/v2\/users\/2"}],"replies":[{"embeddable":true,"href":"https:\/\/zeus-senjar.hr\/web2\/index.php\/wp-json\/wp\/v2\/comments?post=78"}],"version-history":[{"count":1,"href":"https:\/\/zeus-senjar.hr\/web2\/index.php\/wp-json\/wp\/v2\/posts\/78\/revisions"}],"predecessor-version":[{"id":625,"href":"https:\/\/zeus-senjar.hr\/web2\/index.php\/wp-json\/wp\/v2\/posts\/78\/revisions\/625"}],"wp:featuredmedia":[{"embeddable":true,"href":"https:\/\/zeus-senjar.hr\/web2\/index.php\/wp-json\/wp\/v2\/media\/19"}],"wp:attachment":[{"href":"https:\/\/zeus-senjar.hr\/web2\/index.php\/wp-json\/wp\/v2\/media?parent=78"}],"wp:term":[{"taxonomy":"category","embeddable":true,"href":"https:\/\/zeus-senjar.hr\/web2\/index.php\/wp-json\/wp\/v2\/categories?post=78"},{"taxonomy":"post_tag","embeddable":true,"href":"https:\/\/zeus-senjar.hr\/web2\/index.php\/wp-json\/wp\/v2\/tags?post=78"}],"curies":[{"name":"wp","href":"https:\/\/api.w.org\/{rel}","templated":true}]}}