{"id":817,"date":"2022-05-04T11:36:03","date_gmt":"2022-05-04T11:36:03","guid":{"rendered":"https:\/\/zeus-senjar.hr\/web2\/?p=817"},"modified":"2022-09-21T11:07:25","modified_gmt":"2022-09-21T11:07:25","slug":"projekt-ikt-cloud-io","status":"publish","type":"post","link":"https:\/\/zeus-senjar.hr\/web2\/index.php\/2022\/05\/04\/projekt-ikt-cloud-io\/","title":{"rendered":"Projekt IKT CLOUD-IO"},"content":{"rendered":"<div class=\"cxmmr5t8 oygrvhab hcukyx3x c1et5uql o9v6fnle ii04i59q\">\n<div dir=\"auto\"><strong>Cilj projekta:<\/strong> Podi\u0107i kapacitete ljudskih, tehnolo\u0161kih resursa lokalnih OCD-a iz podru\u010dja turizma, za\u0161tite okoli\u0161a i socijalne skrbi osoba u nepovoljnom polo\u017eaju te stvoriti sinergiju izme\u0111u podru\u010dja djelovanja. Partnerske udruge pokrivaju podru\u010dja djelovanja, prepoznata kao va\u017ena za zajednicu u kojoj djeluju. U fokusu projekta za ostvarivanje postavljenog cilja je nabava i implementacija i primjena novo razvijenog IKT rje\u0161enja koji u svojoj biti sadr\u017eava zna\u010dajke CRM, DMS i CLOUD sustava.<\/div>\n<\/div>\n<div class=\"cxmmr5t8 oygrvhab hcukyx3x c1et5uql o9v6fnle ii04i59q\">\n<div dir=\"auto\"><\/div>\n<div dir=\"auto\"><strong>Korisnik<\/strong>: Udruga turisti\u010dkih vodi\u010da &#8220;Me\u0111imurski vodi\u010di&#8221;<\/div>\n<div dir=\"auto\"><strong>Partneri<\/strong>: <a class=\"oajrlxb2 g5ia77u1 qu0x051f esr5mh6w e9989ue4 r7d6kgcz rq0escxv nhd2j8a9 nc684nl6 p7hjln8o kvgmc6g5 cxmmr5t8 oygrvhab hcukyx3x jb3vyjys rz4wbd8a qt6c0cv9 a8nywdso i1ao9s8h esuyzwwr f1sip0of lzcic4wl gpro0wi8 q66pz984 b1v8xokw\" tabindex=\"0\" role=\"link\" href=\"https:\/\/zeus-senjar.hr\/web2\/\" target=\"_blank\" rel=\"noopener\"><span class=\"nc684nl6\">Za\u0161titarsko-ekolo\u0161ka udruga &#8220;Senjar&#8221; [ ZeuS ]<\/span><\/a>, <a class=\"oajrlxb2 g5ia77u1 qu0x051f esr5mh6w e9989ue4 r7d6kgcz rq0escxv nhd2j8a9 nc684nl6 p7hjln8o kvgmc6g5 cxmmr5t8 oygrvhab hcukyx3x jb3vyjys rz4wbd8a qt6c0cv9 a8nywdso i1ao9s8h esuyzwwr f1sip0of lzcic4wl gpro0wi8 q66pz984 b1v8xokw\" tabindex=\"0\" role=\"link\" href=\"https:\/\/pou-cakovec.hr\/\" target=\"_blank\" rel=\"noopener\"><span class=\"nc684nl6\">Pu\u010dko Otvoreno U\u010dili\u0161te \u010cakovec<\/span><\/a>, <a class=\"oajrlxb2 g5ia77u1 qu0x051f esr5mh6w e9989ue4 r7d6kgcz rq0escxv nhd2j8a9 nc684nl6 p7hjln8o kvgmc6g5 cxmmr5t8 oygrvhab hcukyx3x jb3vyjys rz4wbd8a qt6c0cv9 a8nywdso i1ao9s8h esuyzwwr f1sip0of lzcic4wl gpro0wi8 q66pz984 b1v8xokw\" tabindex=\"0\" role=\"link\" href=\"https:\/\/www.usm.hr\/\" target=\"_blank\" rel=\"noopener\"><span class=\"nc684nl6\">Udruga slijepih Me\u0111imurske \u017eupanije<\/span><\/a>, <a class=\"oajrlxb2 g5ia77u1 qu0x051f esr5mh6w e9989ue4 r7d6kgcz rq0escxv nhd2j8a9 nc684nl6 p7hjln8o kvgmc6g5 cxmmr5t8 oygrvhab hcukyx3x jb3vyjys rz4wbd8a qt6c0cv9 a8nywdso i1ao9s8h esuyzwwr f1sip0of lzcic4wl gpro0wi8 q66pz984 b1v8xokw\" tabindex=\"0\" role=\"link\" href=\"https:\/\/udruga-oitmz.hr\/\" target=\"_blank\" rel=\"noopener\"><span class=\"nc684nl6\">Udruga osoba s intelektualnim te\u0161ko\u0107ama Me\u0111imurske \u017eupanije<\/span><\/a><\/div>\n<\/div>\n<div class=\"cxmmr5t8 oygrvhab hcukyx3x c1et5uql o9v6fnle ii04i59q\">\n<div dir=\"auto\"><\/div>\n<div dir=\"auto\"><strong>Poziv<\/strong>: Ja\u010danje kapaciteta OCD-a za odgovaranje na potrebe lokalne zajednice<\/div>\n<\/div>\n<div class=\"cxmmr5t8 oygrvhab hcukyx3x c1et5uql o9v6fnle ii04i59q\">\n<div dir=\"auto\">Referentni broj projekta: UP.04.02.1.11.0424<\/div>\n<\/div>\n<div class=\"cxmmr5t8 oygrvhab hcukyx3x c1et5uql o9v6fnle ii04i59q\">\n<div dir=\"auto\"><\/div>\n<div dir=\"auto\"><strong>Ukupna vrijednost projekta: 494.057,98 HRK<\/strong><\/div>\n<div dir=\"auto\">Bespovratna sredstva osigurana su od strane Europskog socijalnog fonda (419.949,28 HRK) i Dr\u017eavnog prora\u010duna Republike Hrvatske (74.108,70 HRK).<\/div>\n<\/div>\n<div class=\"cxmmr5t8 oygrvhab hcukyx3x c1et5uql o9v6fnle ii04i59q\">\n<div dir=\"auto\"><\/div>\n<div dir=\"auto\"><strong>Period provedbe: 19.4.2022. &#8211; 19.4.2023.<\/strong><\/div>\n<\/div>\n<div class=\"cxmmr5t8 oygrvhab hcukyx3x c1et5uql o9v6fnle ii04i59q\">\n<div dir=\"auto\"><\/div>\n<div dir=\"auto\">Vi\u0161e informacija na <a class=\"oajrlxb2 g5ia77u1 qu0x051f esr5mh6w e9989ue4 r7d6kgcz rq0escxv nhd2j8a9 nc684nl6 p7hjln8o kvgmc6g5 cxmmr5t8 oygrvhab hcukyx3x jb3vyjys rz4wbd8a qt6c0cv9 a8nywdso i1ao9s8h esuyzwwr f1sip0of lzcic4wl gpro0wi8 py34i1dx\" tabindex=\"0\" role=\"link\" href=\"https:\/\/www.esf.hr\/\" target=\"_blank\" rel=\"nofollow noopener\">ESF,<\/a> <a class=\"oajrlxb2 g5ia77u1 qu0x051f esr5mh6w e9989ue4 r7d6kgcz rq0escxv nhd2j8a9 nc684nl6 p7hjln8o kvgmc6g5 cxmmr5t8 oygrvhab hcukyx3x jb3vyjys rz4wbd8a qt6c0cv9 a8nywdso i1ao9s8h esuyzwwr f1sip0of lzcic4wl gpro0wi8 py34i1dx\" tabindex=\"0\" role=\"link\" href=\"https:\/\/strukturnifondovi.hr\/?fbclid=IwAR1RfpzPL5wtSkaiSh97_ZDplqnYNxHRFMXPy3dQxrwYIapKKhVE-Kwh4ks\" target=\"_blank\" rel=\"nofollow noopener\">Strukturni fondovi <\/a>i <a class=\"oajrlxb2 g5ia77u1 qu0x051f esr5mh6w e9989ue4 r7d6kgcz rq0escxv nhd2j8a9 nc684nl6 p7hjln8o kvgmc6g5 cxmmr5t8 oygrvhab hcukyx3x jb3vyjys rz4wbd8a qt6c0cv9 a8nywdso i1ao9s8h esuyzwwr f1sip0of lzcic4wl gpro0wi8 py34i1dx\" tabindex=\"0\" role=\"link\" href=\"https:\/\/zaklada.civilnodrustvo.hr\/?fbclid=IwAR13JtAoj1lfMJHWEJuUtG9JuPiuLktllvD8bkTgCxzL8N5DG0arprAT3Eg\" target=\"_blank\" rel=\"nofollow noopener\">Zaklada civilno dru\u0161tvo<\/a><\/div>\n<\/div>\n<div class=\"cxmmr5t8 oygrvhab hcukyx3x c1et5uql o9v6fnle ii04i59q\">\n<div dir=\"auto\"><\/div>\n<\/div>\n<div class=\"cxmmr5t8 oygrvhab hcukyx3x c1et5uql o9v6fnle ii04i59q\">\n<div dir=\"auto\">Projekt je sufinancirala Europska unija iz Europskog socijalnog fonda.<\/div>\n<div dir=\"auto\">Projekt sufinancira Ured za udruge Vlade Republike Hrvatske.<\/div>\n<div dir=\"auto\">Sadr\u017eaj objave isklju\u010diva je odgovornost Za\u0161titarsko-ekolo\u0161ke udruge &#8220;Senjar&#8221;.<\/div>\n<div dir=\"auto\">Stajali\u0161ta izra\u017eena u ovoj objavi isklju\u010diva su odgovornost Za\u0161titarsko-ekolo\u0161ke udruge &#8220;Senjar&#8221; i ne odra\u017eavaju nu\u017eno stajali\u0161te Ureda za udruge Vlade Republike Hrvatske.<\/div>\n<\/div>\n","protected":false},"excerpt":{"rendered":"<p>Cilj projekta: Podi\u0107i kapacitete ljudskih, tehnolo\u0161kih resursa lokalnih OCD-a iz podru\u010dja turizma, za\u0161tite okoli\u0161a i socijalne skrbi osoba u nepovoljnom polo\u017eaju te stvoriti sinergiju izme\u0111u podru\u010dja djelovanja. Partnerske udruge pokrivaju podru\u010dja djelovanja, prepoznata kao va\u017ena za zajednicu u kojoj djeluju. U fokusu projekta za ostvarivanje postavljenog cilja je nabava i implementacija i primjena novo razvijenog<\/p>\n<div class='read-more-button'><a class='read-more-link' href='https:\/\/zeus-senjar.hr\/web2\/index.php\/2022\/05\/04\/projekt-ikt-cloud-io\/' style='border: 1px solid #2eae37'>Pro\u010ditaj vi\u0161e&#8230;<\/a><\/div>\n","protected":false},"author":1,"featured_media":818,"comment_status":"closed","ping_status":"closed","sticky":false,"template":"","format":"standard","meta":[],"categories":[14,15],"tags":[],"_links":{"self":[{"href":"https:\/\/zeus-senjar.hr\/web2\/index.php\/wp-json\/wp\/v2\/posts\/817"}],"collection":[{"href":"https:\/\/zeus-senjar.hr\/web2\/index.php\/wp-json\/wp\/v2\/posts"}],"about":[{"href":"https:\/\/zeus-senjar.hr\/web2\/index.php\/wp-json\/wp\/v2\/types\/post"}],"author":[{"embeddable":true,"href":"https:\/\/zeus-senjar.hr\/web2\/index.php\/wp-json\/wp\/v2\/users\/1"}],"replies":[{"embeddable":true,"href":"https:\/\/zeus-senjar.hr\/web2\/index.php\/wp-json\/wp\/v2\/comments?post=817"}],"version-history":[{"count":2,"href":"https:\/\/zeus-senjar.hr\/web2\/index.php\/wp-json\/wp\/v2\/posts\/817\/revisions"}],"predecessor-version":[{"id":820,"href":"https:\/\/zeus-senjar.hr\/web2\/index.php\/wp-json\/wp\/v2\/posts\/817\/revisions\/820"}],"wp:featuredmedia":[{"embeddable":true,"href":"https:\/\/zeus-senjar.hr\/web2\/index.php\/wp-json\/wp\/v2\/media\/818"}],"wp:attachment":[{"href":"https:\/\/zeus-senjar.hr\/web2\/index.php\/wp-json\/wp\/v2\/media?parent=817"}],"wp:term":[{"taxonomy":"category","embeddable":true,"href":"https:\/\/zeus-senjar.hr\/web2\/index.php\/wp-json\/wp\/v2\/categories?post=817"},{"taxonomy":"post_tag","embeddable":true,"href":"https:\/\/zeus-senjar.hr\/web2\/index.php\/wp-json\/wp\/v2\/tags?post=817"}],"curies":[{"name":"wp","href":"https:\/\/api.w.org\/{rel}","templated":true}]}}