{"id":821,"date":"2022-05-20T12:54:53","date_gmt":"2022-05-20T12:54:53","guid":{"rendered":"https:\/\/zeus-senjar.hr\/web2\/?p=821"},"modified":"2022-05-20T12:56:03","modified_gmt":"2022-05-20T12:56:03","slug":"pravila-ponasanja-na-sumskoj-poucnoj-stazi","status":"publish","type":"post","link":"https:\/\/zeus-senjar.hr\/web2\/index.php\/2022\/05\/20\/pravila-ponasanja-na-sumskoj-poucnoj-stazi\/","title":{"rendered":"Pravila pona\u0161anja na \u0161umskoj pou\u010dnoj stazi"},"content":{"rendered":"<p>Udruga ZEUS s rado\u0161\u0107u poziva na kori\u0161tenje \u0161umske pou\u010dne staze &#8220;Vrata Pa\u017euta&#8221; u Donjoj Dubravi te obavje\u0161tava sve zainteresirane izletnike, ljubitelje prirode, u\u010denike i u\u010ditelje, djecu i roditelje o pravilima pona\u0161anja na stazi:<\/p>\n<h3 class=\"iw\"><\/h3>\n<p><strong>\u0160umska pou\u010dna staza \u201eVrata Pa\u017euta\u201c<\/strong><\/p>\n<p><strong>Po\u0161tovani ljubitelji prirode, rekreativci, sporta\u0161i i ostali posjetitelji,<\/strong><\/p>\n<p><strong>Dobro do\u0161li na Pou\u010dnu \u0161umsku stazu \u201eVrata Pa\u017euta\u201c!<\/strong><\/p>\n<p>\u0160umska pou\u010dna staza \u201eVrata Pa\u017euta\u201c duljine je 1750 metara. Oko pola sata laganog pje\u0161a\u010denja u jednom smjeru.<\/p>\n<p>Staza je namijenjena isklju\u010divo za pje\u0161a\u010dki i biciklisti\u010dki promet. Staza je jedan od ulaza u za\u0161ti\u0107enu poplavnu \u0161umu i Posebni ornitolo\u0161ki rezervat \u201eVeliki Pa\u017eut\u201c smje\u0161ten na u\u0161\u0107u rijeka Mure i Drave.<\/p>\n<p>Cilj ure\u0111enja \u0161umske pou\u010dne staze je omogu\u0107iti odmor i rekreaciju u prirodi uz edukaciju o za\u0161titi prirodnih ljepota autohtonog rije\u010dnog i \u0161umskog krajolika. Na \u0161umskoj pou\u010dnoj stazi su 2 ulazna info panoa i 5 pou\u010dnih tabli, 12 klupa, 4 eko nadstre\u0161nice s ukupno 4 stola i 8 klupa.<\/p>\n<p>&nbsp;<\/p>\n<p><strong>Da bi sa\u010duvali sve ljepote i blagodati prirode na \u0160umskoj pou\u010dnoj stazi \u201eVrata Pa\u017euta\u201c<\/strong><\/p>\n<p><strong>molimo Vas da po\u0161tujete<\/strong><\/p>\n<p><strong>\u00a0JAVNI RED:<\/strong><\/p>\n<p><strong>\u0160UMSKOM POU\u010cNOM STAZOM \u201eVRATA PA\u017dUTA\u201c MO\u017dE SE \u0160ETATI I VOZITI BICIKL <\/strong><\/p>\n<p><strong>NA OSOBNU ODGOVORNOST<\/strong><\/p>\n<ul>\n<li>VA\u017dNO UPOZORENJE! \u0160UMSKA POU\u010cNA STAZA \u201eVRATA PA\u017dUTA\u201c NALAZI SE U POPLAVNOM PODRU\u010cJU RIJEKE DRAVE TE SE STOGA KORISTI ISKLJU\u010cIVO NA OSOBNU ODGOVORNOST<\/li>\n<li>OPASNOST OD KRPELJA I DIVLJIH \u017dIVOTINJA! \u2013 NE SILAZITI SA STAZE &#8211; DJECA U PRATNJI!<\/li>\n<li>\u0160UMSKA POU\u010cNA STAZA JE ISKLJU\u010cIVO NAMJENJENA ZA PJE\u0160AKE I BICIKLISTE<\/li>\n<li>STROGO JE ZABRANJEN PROMET MOTORNIH VOZILA: AUTOMOBIL, MOTOKOTA\u010c I QUAD<\/li>\n<li>ZABRANJENO JE RU\u0160ENJE DRVE\u0106A I BRANJE \u0160UMSKOG BILJA: \u0160UMSKOG CVIJE\u0106A I GLJIVA<\/li>\n<li>ZABRANJENO JE UZNEMIRAVANJE \u017dIVOTINJA I VIKANJE NA STAZI- MOLIMO TI\u0160INU<\/li>\n<li>ZABRANJENO JE PALJENJE VATRE I RO\u0160TILJA<\/li>\n<li>ZABRANJENO JE KAMPIRANJE<\/li>\n<li>KU\u010cNI LJUBIMCI PSI MORAJU BITI NA UZICI<\/li>\n<li>PRILIKOM ODLASKA NE OSTAVLJAJTE OTPADKE \u2013 MOLIMO PONESITE IH SA SOBOM<\/li>\n<li>OPREZ! NA PRVIH 400 m UZ DESNU STRANU STAZE U BLIZINI JE OBALA RIJEKE DRAVE-<\/li>\n<\/ul>\n<p>PRILAZ RIJECI DRAVI JE NA OSOBNU ODGOVORNOST!<\/p>\n<p><strong>ZA NARU\u0160AVANJE JAVNOG REDA I MIRA <\/strong><\/p>\n<p><strong>NA \u0160UMSKOJ POU\u010cNOJ STAZI \u201eVRATA PA\u017dUTA\u201c<\/strong><\/p>\n<p><strong>\u00a0PODUZIMATI \u0106E SE MJERE OPOMENE I KA\u017dNJAVANJA!<\/strong><\/p>\n<p><strong>NE OSTAVLJAJTE SME\u0106E \u2013 MOLIMO &#8211; PONESITE GA SA SOBOM<\/strong><\/p>\n<p><strong>SA\u010cUVAJMO POSLJEDNJE EU PRIRODNE POPLAVNE \u0160UME !<\/strong><\/p>\n<p>&nbsp;<\/p>\n<p><a href=\"https:\/\/zeus-senjar.hr\/web2\/wp-content\/uploads\/2022\/05\/Karta-staze-VP.jpg\"><img loading=\"lazy\" class=\"aligncenter size-full wp-image-822\" src=\"https:\/\/zeus-senjar.hr\/web2\/wp-content\/uploads\/2022\/05\/Karta-staze-VP.jpg\" alt=\"\" width=\"697\" height=\"749\" srcset=\"https:\/\/zeus-senjar.hr\/web2\/wp-content\/uploads\/2022\/05\/Karta-staze-VP.jpg 697w, https:\/\/zeus-senjar.hr\/web2\/wp-content\/uploads\/2022\/05\/Karta-staze-VP-279x300.jpg 279w\" sizes=\"(max-width: 697px) 100vw, 697px\" \/><\/a><\/p>\n<p>&nbsp;<\/p>\n<p>&nbsp;<\/p>\n<p>&nbsp;<\/p>\n<p><a href=\"https:\/\/zeus-senjar.hr\/web2\/wp-content\/uploads\/2021\/03\/Ruralni.png\"><img loading=\"lazy\" class=\"aligncenter size-full wp-image-669\" src=\"https:\/\/zeus-senjar.hr\/web2\/wp-content\/uploads\/2021\/03\/Ruralni.png\" alt=\"\" width=\"992\" height=\"434\" srcset=\"https:\/\/zeus-senjar.hr\/web2\/wp-content\/uploads\/2021\/03\/Ruralni.png 992w, https:\/\/zeus-senjar.hr\/web2\/wp-content\/uploads\/2021\/03\/Ruralni-300x131.png 300w, https:\/\/zeus-senjar.hr\/web2\/wp-content\/uploads\/2021\/03\/Ruralni-768x336.png 768w\" sizes=\"(max-width: 992px) 100vw, 992px\" \/><\/a> <a href=\"https:\/\/zeus-senjar.hr\/web2\/wp-content\/uploads\/2021\/03\/HR-zastava.png\"><img loading=\"lazy\" class=\"alignleft wp-image-668 size-medium\" src=\"https:\/\/zeus-senjar.hr\/web2\/wp-content\/uploads\/2021\/03\/HR-zastava-300x150.png\" alt=\"\" width=\"300\" height=\"150\" srcset=\"https:\/\/zeus-senjar.hr\/web2\/wp-content\/uploads\/2021\/03\/HR-zastava-300x150.png 300w, https:\/\/zeus-senjar.hr\/web2\/wp-content\/uploads\/2021\/03\/HR-zastava.png 432w\" sizes=\"(max-width: 300px) 100vw, 300px\" \/><\/a> <a href=\"https:\/\/zeus-senjar.hr\/web2\/wp-content\/uploads\/2021\/03\/EU-zastava.png\"><img loading=\"lazy\" class=\"aligncenter wp-image-667\" src=\"https:\/\/zeus-senjar.hr\/web2\/wp-content\/uploads\/2021\/03\/EU-zastava.png\" alt=\"\" width=\"260\" height=\"172\" \/><\/a><\/p>\n","protected":false},"excerpt":{"rendered":"<p>Udruga ZEUS s rado\u0161\u0107u poziva na kori\u0161tenje \u0161umske pou\u010dne staze &#8220;Vrata Pa\u017euta&#8221; u Donjoj Dubravi te obavje\u0161tava sve zainteresirane izletnike, ljubitelje prirode, u\u010denike i u\u010ditelje, djecu i roditelje o pravilima pona\u0161anja na stazi: \u0160umska pou\u010dna staza \u201eVrata Pa\u017euta\u201c Po\u0161tovani ljubitelji prirode, rekreativci, sporta\u0161i i ostali posjetitelji, Dobro do\u0161li na Pou\u010dnu \u0161umsku stazu \u201eVrata Pa\u017euta\u201c! \u0160umska<\/p>\n<div class='read-more-button'><a class='read-more-link' href='https:\/\/zeus-senjar.hr\/web2\/index.php\/2022\/05\/20\/pravila-ponasanja-na-sumskoj-poucnoj-stazi\/' style='border: 1px solid #2eae37'>Pro\u010ditaj vi\u0161e&#8230;<\/a><\/div>\n","protected":false},"author":1,"featured_media":824,"comment_status":"open","ping_status":"open","sticky":false,"template":"","format":"standard","meta":[],"categories":[1],"tags":[],"_links":{"self":[{"href":"https:\/\/zeus-senjar.hr\/web2\/index.php\/wp-json\/wp\/v2\/posts\/821"}],"collection":[{"href":"https:\/\/zeus-senjar.hr\/web2\/index.php\/wp-json\/wp\/v2\/posts"}],"about":[{"href":"https:\/\/zeus-senjar.hr\/web2\/index.php\/wp-json\/wp\/v2\/types\/post"}],"author":[{"embeddable":true,"href":"https:\/\/zeus-senjar.hr\/web2\/index.php\/wp-json\/wp\/v2\/users\/1"}],"replies":[{"embeddable":true,"href":"https:\/\/zeus-senjar.hr\/web2\/index.php\/wp-json\/wp\/v2\/comments?post=821"}],"version-history":[{"count":3,"href":"https:\/\/zeus-senjar.hr\/web2\/index.php\/wp-json\/wp\/v2\/posts\/821\/revisions"}],"predecessor-version":[{"id":827,"href":"https:\/\/zeus-senjar.hr\/web2\/index.php\/wp-json\/wp\/v2\/posts\/821\/revisions\/827"}],"wp:featuredmedia":[{"embeddable":true,"href":"https:\/\/zeus-senjar.hr\/web2\/index.php\/wp-json\/wp\/v2\/media\/824"}],"wp:attachment":[{"href":"https:\/\/zeus-senjar.hr\/web2\/index.php\/wp-json\/wp\/v2\/media?parent=821"}],"wp:term":[{"taxonomy":"category","embeddable":true,"href":"https:\/\/zeus-senjar.hr\/web2\/index.php\/wp-json\/wp\/v2\/categories?post=821"},{"taxonomy":"post_tag","embeddable":true,"href":"https:\/\/zeus-senjar.hr\/web2\/index.php\/wp-json\/wp\/v2\/tags?post=821"}],"curies":[{"name":"wp","href":"https:\/\/api.w.org\/{rel}","templated":true}]}}