{"id":829,"date":"2022-06-21T13:18:30","date_gmt":"2022-06-21T13:18:30","guid":{"rendered":"https:\/\/zeus-senjar.hr\/web2\/?p=829"},"modified":"2022-06-21T13:26:01","modified_gmt":"2022-06-21T13:26:01","slug":"prijavnica-za-radionicu-asertivna-komunikacija","status":"publish","type":"post","link":"https:\/\/zeus-senjar.hr\/web2\/index.php\/2022\/06\/21\/prijavnica-za-radionicu-asertivna-komunikacija\/","title":{"rendered":"Prijavnica za radionicu Asertivna komunikacija"},"content":{"rendered":"<div data-offset-key=\"8rm1g-0-0\"><\/div>\n<div class=\"_1mf _1mj\" data-offset-key=\"8rm1g-0-0\"><span class=\"diy96o5h\" spellcheck=\"false\" data-offset-key=\"9658q-0-0\"><span data-offset-key=\"9658q-0-0\">Udruga <strong>ZeuS<\/strong><\/span><\/span><span data-offset-key=\"9658q-1-0\"> u sklopu projekta<a href=\"https:\/\/zeus-senjar.hr\/web2\/index.php\/2022\/05\/04\/projekt-ikt-cloud-io\/\"><strong> IKT CLOUD-io<\/strong><\/a> (UP.0<\/span><span class=\"py34i1dx\"><span data-offset-key=\"9658q-2-0\">4.2.1.11<\/span><\/span><span data-offset-key=\"9658q-3-0\">.0424), poziva sve zainteresirane \u010dlanove i volontere udruge da se prijave za poha\u0111anje radionice na temu <strong>ASERTIVNA KOMUNIKACIJA<\/strong>.<\/span><\/div>\n<p>\n<span data-offset-key=\"2gudl-0-0\">Radionica \u0107e se odr\u017eati kroz tri dana, od <\/span><strong>25. do 27.7.2022. <\/strong>na <strong>Pu\u010dkom otvorenom u\u010dili\u0161tu \u010cakovec<\/strong><span data-offset-key=\"2gudl-0-2\">. Planirano vrijeme odr\u017eavanja je od 16 do 19h, a predava\u010dica je g\u0111a. Sandra Popija\u010d Tom\u0161i\u0107. <\/span>Broj sudionika je limitiran, zato se po\u017eurite prijaviti.<\/p>\n<div class=\"bi6gxh9e\" data-block=\"true\" data-editor=\"45tcn\" data-offset-key=\"2gudl-0-0\"><\/p>\n<div data-offset-key=\"2gudl-0-0\"><strong>Rok za prijave je 28.6.2022. <\/strong><span data-offset-key=\"5m852-0-1\">Za polaznike je radionica potpuno besplatna.<\/span><\/div>\n<p>\n<\/div>\n<div class=\"bi6gxh9e\" data-block=\"true\" data-editor=\"45tcn\" data-offset-key=\"5m852-0-0\">\n<p>Prijaviti se mo\u017eete putem <a href=\"https:\/\/docs.google.com\/forms\/d\/e\/1FAIpQLSfSgkuVpfZ8KTkWauABF3doU8_nhmCdMwhrcMDDYGAewRuL0A\/viewform\" target=\"_blank\" rel=\"noopener\">linka\u00a0<\/a><\/p>\n<\/div>\n","protected":false},"excerpt":{"rendered":"<p>Udruga ZeuS u sklopu projekta IKT CLOUD-io (UP.04.2.1.11.0424), poziva sve zainteresirane \u010dlanove i volontere udruge da se prijave za poha\u0111anje radionice na temu ASERTIVNA KOMUNIKACIJA. Radionica \u0107e se odr\u017eati kroz tri dana, od 25. do 27.7.2022. na Pu\u010dkom otvorenom u\u010dili\u0161tu \u010cakovec. Planirano vrijeme odr\u017eavanja je od 16 do 19h, a predava\u010dica je g\u0111a. Sandra Popija\u010d<\/p>\n<div class='read-more-button'><a class='read-more-link' href='https:\/\/zeus-senjar.hr\/web2\/index.php\/2022\/06\/21\/prijavnica-za-radionicu-asertivna-komunikacija\/' style='border: 1px solid #2eae37'>Pro\u010ditaj vi\u0161e&#8230;<\/a><\/div>\n","protected":false},"author":1,"featured_media":818,"comment_status":"closed","ping_status":"closed","sticky":false,"template":"","format":"standard","meta":[],"categories":[14],"tags":[],"_links":{"self":[{"href":"https:\/\/zeus-senjar.hr\/web2\/index.php\/wp-json\/wp\/v2\/posts\/829"}],"collection":[{"href":"https:\/\/zeus-senjar.hr\/web2\/index.php\/wp-json\/wp\/v2\/posts"}],"about":[{"href":"https:\/\/zeus-senjar.hr\/web2\/index.php\/wp-json\/wp\/v2\/types\/post"}],"author":[{"embeddable":true,"href":"https:\/\/zeus-senjar.hr\/web2\/index.php\/wp-json\/wp\/v2\/users\/1"}],"replies":[{"embeddable":true,"href":"https:\/\/zeus-senjar.hr\/web2\/index.php\/wp-json\/wp\/v2\/comments?post=829"}],"version-history":[{"count":9,"href":"https:\/\/zeus-senjar.hr\/web2\/index.php\/wp-json\/wp\/v2\/posts\/829\/revisions"}],"predecessor-version":[{"id":838,"href":"https:\/\/zeus-senjar.hr\/web2\/index.php\/wp-json\/wp\/v2\/posts\/829\/revisions\/838"}],"wp:featuredmedia":[{"embeddable":true,"href":"https:\/\/zeus-senjar.hr\/web2\/index.php\/wp-json\/wp\/v2\/media\/818"}],"wp:attachment":[{"href":"https:\/\/zeus-senjar.hr\/web2\/index.php\/wp-json\/wp\/v2\/media?parent=829"}],"wp:term":[{"taxonomy":"category","embeddable":true,"href":"https:\/\/zeus-senjar.hr\/web2\/index.php\/wp-json\/wp\/v2\/categories?post=829"},{"taxonomy":"post_tag","embeddable":true,"href":"https:\/\/zeus-senjar.hr\/web2\/index.php\/wp-json\/wp\/v2\/tags?post=829"}],"curies":[{"name":"wp","href":"https:\/\/api.w.org\/{rel}","templated":true}]}}