{"id":84,"date":"2017-04-15T18:25:40","date_gmt":"2017-04-15T18:25:40","guid":{"rendered":"https:\/\/oobo.weboder.net\/zeus1\/?p=84"},"modified":"2021-02-28T12:04:55","modified_gmt":"2021-02-28T12:04:55","slug":"zimski-spust-2016","status":"publish","type":"post","link":"https:\/\/zeus-senjar.hr\/web2\/index.php\/2017\/04\/15\/zimski-spust-2016\/","title":{"rendered":"Zimski spust 2016."},"content":{"rendered":"<p class=\"bigger-text\"><strong class=\"theme_color\">Na\u0161e rijeke, na\u0161e blago<\/strong><\/p>\n<p>Ove godine zimski spust rijekom Dravom odr\u017ean je 16.1.2016. godine na relaciji od Sv. Marije do D. Dubrave. U organizaciji smo sura\u0111ivali s rafting klubom \u02ddMatis\u02dd iz Vara\u017edina i WWF-om Zagreb. Sudjelovalo je dvjestotinjak raftinga\u0161a, amatera, entuzijasta i ostalih zaljubljenika u prirodu i rijeke iz Hrvatske, ali i susjednih zemalja Bosne i Hercegovine te Ma\u0111arske.<\/p>\n<p>Prije samog spusta okupljanje je bilo u Me\u0111imurskoj lastavici u Donjoj Dubravi uz topli \u010daj, kuhano vino i doma\u0107a peciva. Veslalo se starim tokom Drave, koji obiluje zanimljivim dravskim tvorevinama poput obala, sprudova i rukavaca. Uz stanke za okrepu i jelo te uz stalnu pratnju HGSS-a doveslali smo do mjesta gdje se spajaju stari tok Drave sa kanalom, a nakon toga smo se utoplili uz ukusni grah i pi\u0107e. U prostoru Me\u0111imurske lastavice tako\u0111er je bila postava fotografija poznatog biologa s kojim sura\u0111ujemo, Gorana \u0160afareka. Fotografije s prikazima okoli\u0161a oko Drave doprinijele su pozitivnom ugo\u0111aju i zadovoljstvu na\u0161ih gostiju.<\/p>\n<p>Svake godine vesla se Dravom tijekom zimskih mjeseci, a cilj je potaknuti svijest ljudi o ljepoti rijeke te va\u017enosti njezinog o\u010duvanja. Velikom posje\u0107eno\u0161\u0107u, odu\u0161evljenjem i dobrim komentarima nakon spusta pokazali smo kako je va\u017eno ljudima ponuditi ovakve sadr\u017eaje, kroz koje se dru\u017ee, u\u017eivaju i do\u017eivljavaju ne\u0161to novo na Dravi.<\/p>\n<p>Janja \u0160koda<\/p>\n","protected":false},"excerpt":{"rendered":"<p>Na\u0161e rijeke, na\u0161e blago Ove godine zimski spust rijekom Dravom odr\u017ean je 16.1.2016. godine na relaciji od Sv. Marije do D. Dubrave. U organizaciji smo sura\u0111ivali s rafting klubom \u02ddMatis\u02dd iz Vara\u017edina i WWF-om Zagreb. Sudjelovalo je dvjestotinjak raftinga\u0161a, amatera, entuzijasta i ostalih zaljubljenika u prirodu i rijeke iz Hrvatske, ali i susjednih zemalja Bosne<\/p>\n<div class='read-more-button'><a class='read-more-link' href='https:\/\/zeus-senjar.hr\/web2\/index.php\/2017\/04\/15\/zimski-spust-2016\/' style='border: 1px solid #2eae37'>Pro\u010ditaj vi\u0161e&#8230;<\/a><\/div>\n","protected":false},"author":2,"featured_media":19,"comment_status":"open","ping_status":"open","sticky":false,"template":"","format":"standard","meta":[],"categories":[1],"tags":[],"_links":{"self":[{"href":"https:\/\/zeus-senjar.hr\/web2\/index.php\/wp-json\/wp\/v2\/posts\/84"}],"collection":[{"href":"https:\/\/zeus-senjar.hr\/web2\/index.php\/wp-json\/wp\/v2\/posts"}],"about":[{"href":"https:\/\/zeus-senjar.hr\/web2\/index.php\/wp-json\/wp\/v2\/types\/post"}],"author":[{"embeddable":true,"href":"https:\/\/zeus-senjar.hr\/web2\/index.php\/wp-json\/wp\/v2\/users\/2"}],"replies":[{"embeddable":true,"href":"https:\/\/zeus-senjar.hr\/web2\/index.php\/wp-json\/wp\/v2\/comments?post=84"}],"version-history":[{"count":1,"href":"https:\/\/zeus-senjar.hr\/web2\/index.php\/wp-json\/wp\/v2\/posts\/84\/revisions"}],"predecessor-version":[{"id":623,"href":"https:\/\/zeus-senjar.hr\/web2\/index.php\/wp-json\/wp\/v2\/posts\/84\/revisions\/623"}],"wp:featuredmedia":[{"embeddable":true,"href":"https:\/\/zeus-senjar.hr\/web2\/index.php\/wp-json\/wp\/v2\/media\/19"}],"wp:attachment":[{"href":"https:\/\/zeus-senjar.hr\/web2\/index.php\/wp-json\/wp\/v2\/media?parent=84"}],"wp:term":[{"taxonomy":"category","embeddable":true,"href":"https:\/\/zeus-senjar.hr\/web2\/index.php\/wp-json\/wp\/v2\/categories?post=84"},{"taxonomy":"post_tag","embeddable":true,"href":"https:\/\/zeus-senjar.hr\/web2\/index.php\/wp-json\/wp\/v2\/tags?post=84"}],"curies":[{"name":"wp","href":"https:\/\/api.w.org\/{rel}","templated":true}]}}