{"id":856,"date":"2022-07-28T09:47:57","date_gmt":"2022-07-28T09:47:57","guid":{"rendered":"https:\/\/zeus-senjar.hr\/web2\/?p=856"},"modified":"2022-09-21T11:07:06","modified_gmt":"2022-09-21T11:07:06","slug":"radionice-asertivne-komunikacije","status":"publish","type":"post","link":"https:\/\/zeus-senjar.hr\/web2\/index.php\/2022\/07\/28\/radionice-asertivne-komunikacije\/","title":{"rendered":"Radionice asertivne komunikacije"},"content":{"rendered":"<div class=\"cxmmr5t8 oygrvhab hcukyx3x c1et5uql o9v6fnle ii04i59q\">\n<div dir=\"auto\">\n<div class=\"l7ghb35v kjdc1dyq kmwttqpk gh25dzvf jikcssrz n3t5jt4f\">\n<p dir=\"auto\">U sklopu projekta <strong>IKT CLOUD-io<\/strong> provedena je trodnevna radionica <strong>Asertivne komunikacije<\/strong>. Radionica je bila namijenjena volonterima organizacija na projektu i njihovim djelatnicima. Osnovna ideja je bila oja\u010dati kapacitete partnerskih organizacija u radu s osobama u nepovoljnom polo\u017eaju, usvojiti nova znanja i oja\u010dati komunikacijske kapacite uklju\u010denih OCD-a.<\/p>\n<p dir=\"auto\">Zahvaljujemo se stru\u010dnoj predava\u010dici, gospo\u0111i <strong>Sandri Popija\u010d Tom\u0161i\u0107<\/strong>, magistri psihologije, koja je odradila radionice na visokom stru\u010dnom nivou, u opu\u0161tenoj i ugodnoj atmosferi.<\/p>\n<div dir=\"auto\">OSNOVNE INFORMACIJE O PROJEKTU:<\/div>\n<\/div>\n<div dir=\"auto\">Poziv: Ja\u010danje kapaciteta OCD-a za odgovaranje na potrebe lokalne zajednice<\/div>\n<div dir=\"auto\">Referentni broj projekta: UP.04.02.1.11.0424<\/div>\n<div dir=\"auto\">Ukupna vrijednost projekta: 494.057,98 HRK<\/div>\n<div dir=\"auto\">Bespovratna sredstva osigurana su od strane Europskog socijalnog fonda (419.949,28 HRK) i Dr\u017eavnog prora\u010duna Republike Hrvatske (74.108,70 HRK)<\/div>\n<div dir=\"auto\">Period provedbe: 19.4.2022. &#8211; 19.4.2023.<\/div>\n<div dir=\"auto\">Vi\u0161e informacija: <a class=\"qi72231t nu7423ey n3hqoq4p r86q59rh b3qcqh3k fq87ekyn bdao358l fsf7x5fv rse6dlih s5oniofx m8h3af8h l7ghb35v kjdc1dyq kmwttqpk srn514ro oxkhqvkx rl78xhln nch0832m cr00lzj9 rn8ck1ys s3jn8y49 icdlwmnq cxfqmxzd ezidihy3\" tabindex=\"0\" role=\"link\" href=\"https:\/\/l.facebook.com\/l.php?u=https%3A%2F%2Fesf.hr%2F%3Ffbclid%3DIwAR2E38ede_p2PaEi7RRcTe9BIBfLgy3DLLyr9J53ZVXNzf3scYHlp-rKMYk&amp;h=AT1hVsO5-9WTPUm074Kllgvjv7jC_fDJjN0WBFT01Dbl3laic1KzCtKIs9Q62XBE1mSK-eLAF4o5PFUdVmiz0QhtPDvI_FZGZEYFLXjiYU0fg3css8YriaMkpM-LUqUjww&amp;__tn__=-UK-R&amp;c[0]=AT3onsIhorE_zSk6lItAgoH0Swtw6MW5wZWKzyTxNCJid89Eo_FknXIVLgZsKX31jpjyvCNIDnpkKtUO_aV3kbbQdM5QxUdRdQ6KFdgka-FA1Blpnh9DnN38VNoT2L-57xWWbLDtivQ-F-7QOM1Foh8OMVONKuwggYm_6m5BclQiZXUXZKanUhGBpOoDv7_QDaD6OBqkIf3dW05Lqafr\" target=\"_blank\" rel=\"nofollow noopener\">https:\/\/esf.hr<\/a>,<\/div>\n<div dir=\"auto\"><a class=\"qi72231t nu7423ey n3hqoq4p r86q59rh b3qcqh3k fq87ekyn bdao358l fsf7x5fv rse6dlih s5oniofx m8h3af8h l7ghb35v kjdc1dyq kmwttqpk srn514ro oxkhqvkx rl78xhln nch0832m cr00lzj9 rn8ck1ys s3jn8y49 icdlwmnq cxfqmxzd ezidihy3\" tabindex=\"0\" role=\"link\" href=\"https:\/\/l.facebook.com\/l.php?u=https%3A%2F%2Fstrukturnifondovi.hr%2F%3Ffbclid%3DIwAR3MWaaJyhxO3jUiA8U-qBGBlDngQQS3poalc-hewmIpsd5ap6nLfK-sQsE&amp;h=AT1G91cwJKZcKZHAiwoIJeYNUJLbGqq9VRb2fZtLqVHfK-8NW8ucIXhZhuHC7laeRLECiQuimaBn1YG6LBXpeuvZAM5ZL9Yy_LS5NgPmFOqKpEAlGr9v4TnN0348vF_4nQ&amp;__tn__=-UK-R&amp;c[0]=AT3onsIhorE_zSk6lItAgoH0Swtw6MW5wZWKzyTxNCJid89Eo_FknXIVLgZsKX31jpjyvCNIDnpkKtUO_aV3kbbQdM5QxUdRdQ6KFdgka-FA1Blpnh9DnN38VNoT2L-57xWWbLDtivQ-F-7QOM1Foh8OMVONKuwggYm_6m5BclQiZXUXZKanUhGBpOoDv7_QDaD6OBqkIf3dW05Lqafr\" target=\"_blank\" rel=\"nofollow noopener\">https:\/\/strukturnifondovi.hr<\/a><\/div>\n<div dir=\"auto\">i <a class=\"qi72231t nu7423ey n3hqoq4p r86q59rh b3qcqh3k fq87ekyn bdao358l fsf7x5fv rse6dlih s5oniofx m8h3af8h l7ghb35v kjdc1dyq kmwttqpk srn514ro oxkhqvkx rl78xhln nch0832m cr00lzj9 rn8ck1ys s3jn8y49 icdlwmnq cxfqmxzd ezidihy3\" tabindex=\"0\" role=\"link\" href=\"https:\/\/zaklada.civilnodrustvo.hr\/?fbclid=IwAR3anaS7Q68FaWvuQBKEBOA15Xo-dM4TZhkZ9yjn7e6vHdpe2jfkgo0v3TQ\" target=\"_blank\" rel=\"nofollow noopener\">https:\/\/zaklada.civilnodrustvo.hr\/<\/a><\/div>\n<div dir=\"auto\"><\/div>\n<p class=\"l7ghb35v kjdc1dyq kmwttqpk gh25dzvf jikcssrz n3t5jt4f\">Projekt je sufinancirala Europska unija iz Europskog socijalnog fonda.<\/p>\n<p class=\"l7ghb35v kjdc1dyq kmwttqpk gh25dzvf jikcssrz n3t5jt4f\">Projekt sufinancira Ured za udruge Vlade Republike Hrvatske.<\/p>\n<p class=\"l7ghb35v kjdc1dyq kmwttqpk gh25dzvf jikcssrz n3t5jt4f\">Sadr\u017eaj objave isklju\u010diva je odgovornost Za\u0161titarsko-ekolo\u0161ke udruge Senjar.<\/p>\n<p class=\"l7ghb35v kjdc1dyq kmwttqpk gh25dzvf jikcssrz n3t5jt4f\">Stajali\u0161ta izra\u017eena u ovoj objavi isklju\u010diva su odgovornost Za\u0161titarsko-ekolo\u0161ke udruge Senjar i ne odra\u017eavaju nu\u017eno stajali\u0161te Ureda za udruge Vlade Republike Hrvatske.<\/p>\n\n\t\t<style type=\"text\/css\">\n\t\t\t#gallery-1 {\n\t\t\t\tmargin: auto;\n\t\t\t}\n\t\t\t#gallery-1 .gallery-item {\n\t\t\t\tfloat: left;\n\t\t\t\tmargin-top: 10px;\n\t\t\t\ttext-align: center;\n\t\t\t\twidth: 33%;\n\t\t\t}\n\t\t\t#gallery-1 img {\n\t\t\t\tborder: 2px solid #cfcfcf;\n\t\t\t}\n\t\t\t#gallery-1 .gallery-caption {\n\t\t\t\tmargin-left: 0;\n\t\t\t}\n\t\t\t\/* see gallery_shortcode() in wp-includes\/media.php *\/\n\t\t<\/style>\n\t\t<div id='gallery-1' class='gallery galleryid-856 gallery-columns-3 gallery-size-thumbnail'><dl class='gallery-item'>\n\t\t\t<dt class='gallery-icon landscape'>\n\t\t\t\t<a href='https:\/\/zeus-senjar.hr\/web2\/index.php\/2022\/07\/28\/radionice-asertivne-komunikacije\/asertivna-komunikacija-projekt-ikt-cloud-io-2\/'><img width=\"150\" height=\"150\" src=\"https:\/\/zeus-senjar.hr\/web2\/wp-content\/uploads\/2022\/07\/Asertivna-komunikacija-Projekt-IKT-Cloud-io-2-150x150.jpg\" class=\"attachment-thumbnail size-thumbnail\" alt=\"\" loading=\"lazy\" srcset=\"https:\/\/zeus-senjar.hr\/web2\/wp-content\/uploads\/2022\/07\/Asertivna-komunikacija-Projekt-IKT-Cloud-io-2-150x150.jpg 150w, https:\/\/zeus-senjar.hr\/web2\/wp-content\/uploads\/2022\/07\/Asertivna-komunikacija-Projekt-IKT-Cloud-io-2-300x300.jpg 300w, https:\/\/zeus-senjar.hr\/web2\/wp-content\/uploads\/2022\/07\/Asertivna-komunikacija-Projekt-IKT-Cloud-io-2.jpg 1024w, https:\/\/zeus-senjar.hr\/web2\/wp-content\/uploads\/2022\/07\/Asertivna-komunikacija-Projekt-IKT-Cloud-io-2-768x768.jpg 768w\" sizes=\"(max-width: 150px) 100vw, 150px\" \/><\/a>\n\t\t\t<\/dt><\/dl><dl class='gallery-item'>\n\t\t\t<dt class='gallery-icon landscape'>\n\t\t\t\t<a href='https:\/\/zeus-senjar.hr\/web2\/index.php\/2022\/07\/28\/radionice-asertivne-komunikacije\/asertivna-komunikacija-projekt-ikt-cloud-io-5\/'><img width=\"150\" height=\"150\" src=\"https:\/\/zeus-senjar.hr\/web2\/wp-content\/uploads\/2022\/07\/Asertivna-komunikacija-Projekt-IKT-Cloud-io-5-150x150.jpg\" class=\"attachment-thumbnail size-thumbnail\" alt=\"\" loading=\"lazy\" srcset=\"https:\/\/zeus-senjar.hr\/web2\/wp-content\/uploads\/2022\/07\/Asertivna-komunikacija-Projekt-IKT-Cloud-io-5-150x150.jpg 150w, https:\/\/zeus-senjar.hr\/web2\/wp-content\/uploads\/2022\/07\/Asertivna-komunikacija-Projekt-IKT-Cloud-io-5-300x300.jpg 300w, https:\/\/zeus-senjar.hr\/web2\/wp-content\/uploads\/2022\/07\/Asertivna-komunikacija-Projekt-IKT-Cloud-io-5.jpg 1024w, https:\/\/zeus-senjar.hr\/web2\/wp-content\/uploads\/2022\/07\/Asertivna-komunikacija-Projekt-IKT-Cloud-io-5-768x768.jpg 768w\" sizes=\"(max-width: 150px) 100vw, 150px\" \/><\/a>\n\t\t\t<\/dt><\/dl><dl class='gallery-item'>\n\t\t\t<dt class='gallery-icon landscape'>\n\t\t\t\t<a href='https:\/\/zeus-senjar.hr\/web2\/index.php\/2022\/07\/28\/radionice-asertivne-komunikacije\/asertivna-komunikacija-projekt-ikt-cloud-io-4\/'><img width=\"150\" height=\"150\" src=\"https:\/\/zeus-senjar.hr\/web2\/wp-content\/uploads\/2022\/07\/Asertivna-komunikacija-Projekt-IKT-Cloud-io-4-150x150.jpg\" class=\"attachment-thumbnail size-thumbnail\" alt=\"\" loading=\"lazy\" srcset=\"https:\/\/zeus-senjar.hr\/web2\/wp-content\/uploads\/2022\/07\/Asertivna-komunikacija-Projekt-IKT-Cloud-io-4-150x150.jpg 150w, https:\/\/zeus-senjar.hr\/web2\/wp-content\/uploads\/2022\/07\/Asertivna-komunikacija-Projekt-IKT-Cloud-io-4-300x300.jpg 300w, https:\/\/zeus-senjar.hr\/web2\/wp-content\/uploads\/2022\/07\/Asertivna-komunikacija-Projekt-IKT-Cloud-io-4.jpg 1024w, https:\/\/zeus-senjar.hr\/web2\/wp-content\/uploads\/2022\/07\/Asertivna-komunikacija-Projekt-IKT-Cloud-io-4-768x768.jpg 768w\" sizes=\"(max-width: 150px) 100vw, 150px\" \/><\/a>\n\t\t\t<\/dt><\/dl><br style=\"clear: both\" \/><dl class='gallery-item'>\n\t\t\t<dt class='gallery-icon landscape'>\n\t\t\t\t<a href='https:\/\/zeus-senjar.hr\/web2\/index.php\/2022\/07\/28\/radionice-asertivne-komunikacije\/asertivna-komunikacija-projekt-ikt-cloud-io-3\/'><img width=\"150\" height=\"150\" src=\"https:\/\/zeus-senjar.hr\/web2\/wp-content\/uploads\/2022\/07\/Asertivna-komunikacija-Projekt-IKT-Cloud-io-3-150x150.jpg\" class=\"attachment-thumbnail size-thumbnail\" alt=\"\" loading=\"lazy\" srcset=\"https:\/\/zeus-senjar.hr\/web2\/wp-content\/uploads\/2022\/07\/Asertivna-komunikacija-Projekt-IKT-Cloud-io-3-150x150.jpg 150w, https:\/\/zeus-senjar.hr\/web2\/wp-content\/uploads\/2022\/07\/Asertivna-komunikacija-Projekt-IKT-Cloud-io-3-300x300.jpg 300w, https:\/\/zeus-senjar.hr\/web2\/wp-content\/uploads\/2022\/07\/Asertivna-komunikacija-Projekt-IKT-Cloud-io-3.jpg 1024w, https:\/\/zeus-senjar.hr\/web2\/wp-content\/uploads\/2022\/07\/Asertivna-komunikacija-Projekt-IKT-Cloud-io-3-768x768.jpg 768w\" sizes=\"(max-width: 150px) 100vw, 150px\" \/><\/a>\n\t\t\t<\/dt><\/dl><dl class='gallery-item'>\n\t\t\t<dt class='gallery-icon portrait'>\n\t\t\t\t<a href='https:\/\/zeus-senjar.hr\/web2\/index.php\/2022\/07\/28\/radionice-asertivne-komunikacije\/asertivna-komunikacija-projekt-ikt-cloud-io-1-1\/'><img width=\"150\" height=\"150\" src=\"https:\/\/zeus-senjar.hr\/web2\/wp-content\/uploads\/2022\/07\/Asertivna-komunikacija-Projekt-IKT-Cloud-io-1-1-150x150.jpg\" class=\"attachment-thumbnail size-thumbnail\" alt=\"\" loading=\"lazy\" \/><\/a>\n\t\t\t<\/dt><\/dl><dl class='gallery-item'>\n\t\t\t<dt class='gallery-icon landscape'>\n\t\t\t\t<a href='https:\/\/zeus-senjar.hr\/web2\/index.php\/2022\/07\/28\/radionice-asertivne-komunikacije\/asertivna-komunikacija-projekt-ikt-cloud-io-6\/'><img width=\"150\" height=\"150\" src=\"https:\/\/zeus-senjar.hr\/web2\/wp-content\/uploads\/2022\/07\/Asertivna-komunikacija-Projekt-IKT-Cloud-io-6-150x150.jpg\" class=\"attachment-thumbnail size-thumbnail\" alt=\"\" loading=\"lazy\" srcset=\"https:\/\/zeus-senjar.hr\/web2\/wp-content\/uploads\/2022\/07\/Asertivna-komunikacija-Projekt-IKT-Cloud-io-6-150x150.jpg 150w, https:\/\/zeus-senjar.hr\/web2\/wp-content\/uploads\/2022\/07\/Asertivna-komunikacija-Projekt-IKT-Cloud-io-6-300x300.jpg 300w, https:\/\/zeus-senjar.hr\/web2\/wp-content\/uploads\/2022\/07\/Asertivna-komunikacija-Projekt-IKT-Cloud-io-6.jpg 1024w, https:\/\/zeus-senjar.hr\/web2\/wp-content\/uploads\/2022\/07\/Asertivna-komunikacija-Projekt-IKT-Cloud-io-6-768x768.jpg 768w\" sizes=\"(max-width: 150px) 100vw, 150px\" \/><\/a>\n\t\t\t<\/dt><\/dl><br style=\"clear: both\" \/><dl class='gallery-item'>\n\t\t\t<dt class='gallery-icon portrait'>\n\t\t\t\t<a href='https:\/\/zeus-senjar.hr\/web2\/index.php\/2022\/07\/28\/radionice-asertivne-komunikacije\/asertivna-komunikacija-projekt-ikt-cloud-io-2-1\/'><img width=\"150\" height=\"150\" src=\"https:\/\/zeus-senjar.hr\/web2\/wp-content\/uploads\/2022\/07\/Asertivna-komunikacija-Projekt-IKT-Cloud-io-2-1-150x150.jpg\" class=\"attachment-thumbnail size-thumbnail\" alt=\"\" loading=\"lazy\" \/><\/a>\n\t\t\t<\/dt><\/dl>\n\t\t\t<br style='clear: both' \/>\n\t\t<\/div>\n\n<p>&nbsp;<\/p>\n<\/div>\n<\/div>\n","protected":false},"excerpt":{"rendered":"<p>U sklopu projekta IKT CLOUD-io provedena je trodnevna radionica Asertivne komunikacije. Radionica je bila namijenjena volonterima organizacija na projektu i njihovim djelatnicima. Osnovna ideja je bila oja\u010dati kapacitete partnerskih organizacija u radu s osobama u nepovoljnom polo\u017eaju, usvojiti nova znanja i oja\u010dati komunikacijske kapacite uklju\u010denih OCD-a. Zahvaljujemo se stru\u010dnoj predava\u010dici, gospo\u0111i Sandri Popija\u010d Tom\u0161i\u0107, magistri<\/p>\n<div class='read-more-button'><a class='read-more-link' href='https:\/\/zeus-senjar.hr\/web2\/index.php\/2022\/07\/28\/radionice-asertivne-komunikacije\/' style='border: 1px solid #2eae37'>Pro\u010ditaj vi\u0161e&#8230;<\/a><\/div>\n","protected":false},"author":1,"featured_media":865,"comment_status":"closed","ping_status":"closed","sticky":false,"template":"","format":"standard","meta":[],"categories":[14,15],"tags":[],"_links":{"self":[{"href":"https:\/\/zeus-senjar.hr\/web2\/index.php\/wp-json\/wp\/v2\/posts\/856"}],"collection":[{"href":"https:\/\/zeus-senjar.hr\/web2\/index.php\/wp-json\/wp\/v2\/posts"}],"about":[{"href":"https:\/\/zeus-senjar.hr\/web2\/index.php\/wp-json\/wp\/v2\/types\/post"}],"author":[{"embeddable":true,"href":"https:\/\/zeus-senjar.hr\/web2\/index.php\/wp-json\/wp\/v2\/users\/1"}],"replies":[{"embeddable":true,"href":"https:\/\/zeus-senjar.hr\/web2\/index.php\/wp-json\/wp\/v2\/comments?post=856"}],"version-history":[{"count":3,"href":"https:\/\/zeus-senjar.hr\/web2\/index.php\/wp-json\/wp\/v2\/posts\/856\/revisions"}],"predecessor-version":[{"id":867,"href":"https:\/\/zeus-senjar.hr\/web2\/index.php\/wp-json\/wp\/v2\/posts\/856\/revisions\/867"}],"wp:featuredmedia":[{"embeddable":true,"href":"https:\/\/zeus-senjar.hr\/web2\/index.php\/wp-json\/wp\/v2\/media\/865"}],"wp:attachment":[{"href":"https:\/\/zeus-senjar.hr\/web2\/index.php\/wp-json\/wp\/v2\/media?parent=856"}],"wp:term":[{"taxonomy":"category","embeddable":true,"href":"https:\/\/zeus-senjar.hr\/web2\/index.php\/wp-json\/wp\/v2\/categories?post=856"},{"taxonomy":"post_tag","embeddable":true,"href":"https:\/\/zeus-senjar.hr\/web2\/index.php\/wp-json\/wp\/v2\/tags?post=856"}],"curies":[{"name":"wp","href":"https:\/\/api.w.org\/{rel}","templated":true}]}}