{"id":88,"date":"2017-04-15T18:27:46","date_gmt":"2017-04-15T18:27:46","guid":{"rendered":"https:\/\/oobo.weboder.net\/zeus1\/?p=88"},"modified":"2021-02-28T12:04:40","modified_gmt":"2021-02-28T12:04:40","slug":"zeus-odrzao-edukaciju-u-os-kotoriba","status":"publish","type":"post","link":"https:\/\/zeus-senjar.hr\/web2\/index.php\/2017\/04\/15\/zeus-odrzao-edukaciju-u-os-kotoriba\/","title":{"rendered":"ZeuS Odr\u017eao Edukaciju U O\u0160 Kotoriba"},"content":{"rendered":"<p class=\"bigger-text\"><strong class=\"theme_color\">ZeuS odr\u017eao edukaciju o bregunicama u\u010denicima eko-skupine O\u0160 Kotoriba<\/strong><\/p>\n<p>U sklopu projekta Obalna lastavica u\u010denici eko-skupine nau\u010dili su za\u0161to se smanjuje broj bregunica i kako ih mo\u017eemo za\u0161tititi<\/p>\n<p>U ponedjeljak 25. travnja 2016. godine u Osnovnoj \u0161koli Jo\u017ee Horvata u Kotoribi odr\u017eano je predavanje i radionica o ugro\u017eenoj vrsti ptice koja obitava na obalama rijeke Drave \u2013 obalnoj lastavici.<\/p>\n<p><strong class=\"theme_color\">Kristina Pongrac i Janja \u0160koda<\/strong>, dugogodi\u0161nje \u010dlanice udruge ZeuS, u\u010denicima su kroz pri\u010du i razli\u010dite zadatke pribli\u017eile problematiku \u010dovjekovog negativnog utjecaja na brojnost ptica bregunica. Nau\u010dili su puno zanimljivih informacija o tim pticama selicama: da im pogoduju strme pjeskovite ili zemljane obale, da se zadr\u017eavaju na na\u0161em podru\u010dju od travnja do rujna, da su znak \u010diste prirode. Istaknuti su problemi smanjenja njihovih kolonija, uglavnom zbog uni\u0161tavanja stani\u0161ta i kori\u0161tenja pesticida te su im predstavljene glavne okosnice i ciljevi projekta za\u0161tite obalnih lastavica. Uz kreativne zadatke u\u010denici su imali priliku rje\u0161avanjem problema i crte\u017eom ispri\u010dati svoju pri\u010du o bregunicama.<\/p>\n<p>Na kraju radionice im je najavljen izlet na rijeku Dravu kod Donje Dubrave, gdje \u0107e uz vodstvo \u010dlanova udruge ZeuS mo\u0107i promatrati bregunice i vidjeti rezultat rada na obalama u sklopu provedene akcije pripremanja obale za gnije\u017e\u0111enje, a \u010demu se u\u010denici jako vesele.<\/p>\n<p>Janja \u0160koda<\/p>\n","protected":false},"excerpt":{"rendered":"<p>ZeuS odr\u017eao edukaciju o bregunicama u\u010denicima eko-skupine O\u0160 Kotoriba U sklopu projekta Obalna lastavica u\u010denici eko-skupine nau\u010dili su za\u0161to se smanjuje broj bregunica i kako ih mo\u017eemo za\u0161tititi U ponedjeljak 25. travnja 2016. godine u Osnovnoj \u0161koli Jo\u017ee Horvata u Kotoribi odr\u017eano je predavanje i radionica o ugro\u017eenoj vrsti ptice koja obitava na obalama rijeke<\/p>\n<div class='read-more-button'><a class='read-more-link' href='https:\/\/zeus-senjar.hr\/web2\/index.php\/2017\/04\/15\/zeus-odrzao-edukaciju-u-os-kotoriba\/' style='border: 1px solid #2eae37'>Pro\u010ditaj vi\u0161e&#8230;<\/a><\/div>\n","protected":false},"author":2,"featured_media":19,"comment_status":"open","ping_status":"open","sticky":false,"template":"","format":"standard","meta":[],"categories":[1],"tags":[],"_links":{"self":[{"href":"https:\/\/zeus-senjar.hr\/web2\/index.php\/wp-json\/wp\/v2\/posts\/88"}],"collection":[{"href":"https:\/\/zeus-senjar.hr\/web2\/index.php\/wp-json\/wp\/v2\/posts"}],"about":[{"href":"https:\/\/zeus-senjar.hr\/web2\/index.php\/wp-json\/wp\/v2\/types\/post"}],"author":[{"embeddable":true,"href":"https:\/\/zeus-senjar.hr\/web2\/index.php\/wp-json\/wp\/v2\/users\/2"}],"replies":[{"embeddable":true,"href":"https:\/\/zeus-senjar.hr\/web2\/index.php\/wp-json\/wp\/v2\/comments?post=88"}],"version-history":[{"count":1,"href":"https:\/\/zeus-senjar.hr\/web2\/index.php\/wp-json\/wp\/v2\/posts\/88\/revisions"}],"predecessor-version":[{"id":622,"href":"https:\/\/zeus-senjar.hr\/web2\/index.php\/wp-json\/wp\/v2\/posts\/88\/revisions\/622"}],"wp:featuredmedia":[{"embeddable":true,"href":"https:\/\/zeus-senjar.hr\/web2\/index.php\/wp-json\/wp\/v2\/media\/19"}],"wp:attachment":[{"href":"https:\/\/zeus-senjar.hr\/web2\/index.php\/wp-json\/wp\/v2\/media?parent=88"}],"wp:term":[{"taxonomy":"category","embeddable":true,"href":"https:\/\/zeus-senjar.hr\/web2\/index.php\/wp-json\/wp\/v2\/categories?post=88"},{"taxonomy":"post_tag","embeddable":true,"href":"https:\/\/zeus-senjar.hr\/web2\/index.php\/wp-json\/wp\/v2\/tags?post=88"}],"curies":[{"name":"wp","href":"https:\/\/api.w.org\/{rel}","templated":true}]}}