{"id":892,"date":"2022-08-31T10:10:48","date_gmt":"2022-08-31T10:10:48","guid":{"rendered":"https:\/\/zeus-senjar.hr\/web2\/?p=892"},"modified":"2022-10-25T11:25:18","modified_gmt":"2022-10-25T11:25:18","slug":"volonterska-aktivnost-izleti","status":"publish","type":"post","link":"https:\/\/zeus-senjar.hr\/web2\/index.php\/2022\/08\/31\/volonterska-aktivnost-izleti\/","title":{"rendered":"Volonterska aktivnost &#8211; izleti"},"content":{"rendered":"<div class=\"cxmmr5t8 oygrvhab hcukyx3x c1et5uql o9v6fnle ii04i59q\">\n<div dir=\"auto\">\n<div class=\"l7ghb35v kjdc1dyq kmwttqpk gh25dzvf jikcssrz n3t5jt4f\">\n<div class=\"x11i5rnm xat24cr x1mh8g0r x1vvkbs xtlvy1s x126k92a\">\n<p dir=\"auto\">U sklopu projekta <strong>IKT CLOUD-io<\/strong> planirana je <strong>volonterska aktivnos<\/strong>t <strong>izleti<\/strong> koja podrazumijeva organizaciju ukupno 6 izleta za korisnike partnerskih organizacija <a class=\"x1i10hfl xjbqb8w x6umtig x1b1mbwd xaqea5y xav7gou x9f619 x1ypdohk xt0psk2 xe8uvvx xdj266r x11i5rnm xat24cr x1mh8g0r xexx8yu x4uap5 x18d9i69 xkhd6sd x16tdsg8 x1hl2dhg xggy1nq x1a2a7pz xt0b8zv x1qq9wsj xo1l8bm\" tabindex=\"0\" role=\"link\" href=\"https:\/\/www.facebook.com\/UdrugaslijepihMedimurskezupanije\/?__cft__[0]=AZX29DY7c3PnZMpF81KTJ8Ij4hYMQQ0N_D8WKeej61T8S71u45gXPyJGeDrLNVhLwaRMhmLUmvpIKC5Sf4Y70h8oFzjUU3DyJ35OiwE73r-MmFrHd92bx2Vx1X2Nil_2dlUXNvAdJq4HkAd1IJnB8RyJEcS0UNqzJ4YISw-9IhlOGrRDfWzpSH8Yn620pafgh_Q&amp;__tn__=kK-R\"><span class=\"xt0psk2\">Udruga slijepih Me\u0111imurske \u017eupanije<\/span><\/a> i <a class=\"x1i10hfl xjbqb8w x6umtig x1b1mbwd xaqea5y xav7gou x9f619 x1ypdohk xt0psk2 xe8uvvx xdj266r x11i5rnm xat24cr x1mh8g0r xexx8yu x4uap5 x18d9i69 xkhd6sd x16tdsg8 x1hl2dhg xggy1nq x1a2a7pz xt0b8zv x1qq9wsj xo1l8bm\" tabindex=\"0\" role=\"link\" href=\"https:\/\/www.facebook.com\/profile.php?id=100078736847331&amp;__cft__[0]=AZX29DY7c3PnZMpF81KTJ8Ij4hYMQQ0N_D8WKeej61T8S71u45gXPyJGeDrLNVhLwaRMhmLUmvpIKC5Sf4Y70h8oFzjUU3DyJ35OiwE73r-MmFrHd92bx2Vx1X2Nil_2dlUXNvAdJq4HkAd1IJnB8RyJEcS0UNqzJ4YISw-9IhlOGrRDfWzpSH8Yn620pafgh_Q&amp;__tn__=-]K-R\"><span class=\"xt0psk2\">Udruga osoba s intelektualnim te\u0161ko\u0107ama Me\u0111imurske \u017eupanije<\/span><\/a>.<\/p>\n<p dir=\"auto\">Dana 28.8.2022. organiziran je prvi izlet u Donje Me\u0111imurje u Donju Dubravu, Prelog i Svetu Mariju. Korisnici su imali priliku posjetiti<strong> pou\u010dnu stazu &#8220;Vrata Pa\u017euta&#8221;<\/strong> u Donjoj Dubravi, Grad Prelog te kupali\u0161te na starom toku rijeke Drave gdje je organizirana<strong> prezentacija ispiranja zlata<\/strong>.<\/p>\n<p dir=\"auto\">Koordinator izleta na podru\u010dju \u0161umske pou\u010dne staza bila je udruga <a class=\"x1i10hfl xjbqb8w x6umtig x1b1mbwd xaqea5y xav7gou x9f619 x1ypdohk xt0psk2 xe8uvvx xdj266r x11i5rnm xat24cr x1mh8g0r xexx8yu x4uap5 x18d9i69 xkhd6sd x16tdsg8 x1hl2dhg xggy1nq x1a2a7pz xt0b8zv x1qq9wsj xo1l8bm\" tabindex=\"0\" role=\"link\" href=\"https:\/\/www.facebook.com\/groups\/zeus.senjar\/?__cft__[0]=AZX29DY7c3PnZMpF81KTJ8Ij4hYMQQ0N_D8WKeej61T8S71u45gXPyJGeDrLNVhLwaRMhmLUmvpIKC5Sf4Y70h8oFzjUU3DyJ35OiwE73r-MmFrHd92bx2Vx1X2Nil_2dlUXNvAdJq4HkAd1IJnB8RyJEcS0UNqzJ4YISw-9IhlOGrRDfWzpSH8Yn620pafgh_Q&amp;__tn__=-UK-R\"><span class=\"xt0psk2\">Za\u0161titarsko-ekolo\u0161ka udruga &#8220;Senjar&#8221; [ ZeuS ].<\/span><\/a>\u00a0Za ru\u010dak izletnika pobrinuo se <a class=\"x1i10hfl xjbqb8w x6umtig x1b1mbwd xaqea5y xav7gou x9f619 x1ypdohk xt0psk2 xe8uvvx xdj266r x11i5rnm xat24cr x1mh8g0r xexx8yu x4uap5 x18d9i69 xkhd6sd x16tdsg8 x1hl2dhg xggy1nq x1a2a7pz xt0b8zv x1qq9wsj xo1l8bm\" tabindex=\"0\" role=\"link\" href=\"https:\/\/www.facebook.com\/RestoranPrepelica?__cft__[0]=AZX29DY7c3PnZMpF81KTJ8Ij4hYMQQ0N_D8WKeej61T8S71u45gXPyJGeDrLNVhLwaRMhmLUmvpIKC5Sf4Y70h8oFzjUU3DyJ35OiwE73r-MmFrHd92bx2Vx1X2Nil_2dlUXNvAdJq4HkAd1IJnB8RyJEcS0UNqzJ4YISw-9IhlOGrRDfWzpSH8Yn620pafgh_Q&amp;__tn__=-]K-R\"><span class=\"xt0psk2\">Restoran Prepelica,<\/span><\/a> a <strong>MNK &#8220;Vidovski Zlatari&#8221;<\/strong> za prezantaciju tradicionalnog znanja iz Donjeg Me\u0111imurja.<\/p>\n<\/div>\n<div class=\"x1e56ztr\"><\/div>\n<div class=\"x1e56ztr\"><span class=\"x193iq5w xeuugli x13faqbe x1vvkbs x1xmvt09 x6prxxf xvq8zen xo1l8bm xzsf02u\"><b>OSNOVNE INFORMACIJE O PROJEKTU<\/b><\/span><\/div>\n<div class=\"x1e56ztr\"><span class=\"x193iq5w xeuugli x13faqbe x1vvkbs x1xmvt09 x6prxxf xvq8zen xo1l8bm xzsf02u\">Poziv: Ja\u010danje kapaciteta OCD-a za odgovaranje na potrebe lokalne zajednice<\/span><\/div>\n<div class=\"x1e56ztr\"><span class=\"x193iq5w xeuugli x13faqbe x1vvkbs x1xmvt09 x6prxxf xvq8zen xo1l8bm xzsf02u\">Referentni broj projekta: UP.04.02.1.11.0424<\/span><\/div>\n<div class=\"x1e56ztr\"><span class=\"x193iq5w xeuugli x13faqbe x1vvkbs x1xmvt09 x6prxxf xvq8zen xo1l8bm xzsf02u\">Ukupna vrijednost projekta: 494.057,98 HRK<\/span><\/div>\n<div class=\"x1e56ztr\"><span class=\"x193iq5w xeuugli x13faqbe x1vvkbs x1xmvt09 x6prxxf xvq8zen xo1l8bm xzsf02u\">Bespovratna sredstva osigurana su od strane Europskog socijalnog fonda (419.949,28 HRK) i Dr\u017eavnog prora\u010duna Republike Hrvatske (74.108,70 HRK)<\/span><\/div>\n<div class=\"x1e56ztr\"><span class=\"x193iq5w xeuugli x13faqbe x1vvkbs x1xmvt09 x6prxxf xvq8zen xo1l8bm xzsf02u\">Period provedbe: 19.4.2022. &#8211; 19.4.2023.<\/span><\/div>\n<div class=\"x1e56ztr\"><span class=\"x193iq5w xeuugli x13faqbe x1vvkbs x1xmvt09 x6prxxf xvq8zen xo1l8bm xzsf02u\">Vi\u0161e informacija:\u00a0<a class=\"x1i10hfl xjbqb8w x6umtig x1b1mbwd xaqea5y xav7gou x9f619 x1ypdohk xt0psk2 xe8uvvx xdj266r x11i5rnm xat24cr x1mh8g0r xexx8yu x4uap5 x18d9i69 xkhd6sd x16tdsg8 x1hl2dhg xggy1nq x1a2a7pz xt0b8zv x1fey0fg\" tabindex=\"0\" role=\"link\" href=\"https:\/\/l.facebook.com\/l.php?u=https%3A%2F%2Fesf.hr%2F%3Ffbclid%3DIwAR25qnfONWz1IjsMA2-8oXmJPby7lD_N_JgIsMuPMuukAn_8Q2GZhyglNyc&amp;h=AT1bdFxlyt5ywNIyN7RONgTlDwFxEAcjZnc0mN2RMI3Hg6dkODzzqvxBbb_otVwmwijO7TNjOSdESWmw8mNAwMYAyQR-h4F3OUcm1jW2VqIbFJguQfWu--MiAgQVhU5nIQ&amp;__tn__=-UK-R&amp;c[0]=AT0XRjZceaLHDKYp5Q9xN2F3sAeVBSBgJI0UpZnSC-p11lyWoBZkTqNg5lA0vgHneaH0XdjKw5g17ydWOHAa4jjnSdbOlJwffQ1jXmNsomCxFnG-bNuAbOwhIoHASDC9tUaYF28i8Lvbz5YVSH65yeUnEiyLqSftlB-CU6EDPThCNPqEx1h5bVSOVJNEprPyC6DfMP11ebIL-yJtoMQDQeYw\" target=\"_blank\" rel=\"nofollow noopener\">https:\/\/esf.hr<\/a>,\u00a0<a class=\"x1i10hfl xjbqb8w x6umtig x1b1mbwd xaqea5y xav7gou x9f619 x1ypdohk xt0psk2 xe8uvvx xdj266r x11i5rnm xat24cr x1mh8g0r xexx8yu x4uap5 x18d9i69 xkhd6sd x16tdsg8 x1hl2dhg xggy1nq x1a2a7pz xt0b8zv x1fey0fg\" tabindex=\"0\" role=\"link\" href=\"https:\/\/strukturnifondovi.hr\/?fbclid=IwAR2x5e2VTui3BV_pW9C_sP5_y0AhCNgySXrgUzJ3s9CuBxfOFifHTGTGvDQ\" target=\"_blank\" rel=\"nofollow noopener\">https:\/\/strukturnifondovi.hr<\/a>\u00a0i\u00a0<a class=\"x1i10hfl xjbqb8w x6umtig x1b1mbwd xaqea5y xav7gou x9f619 x1ypdohk xt0psk2 xe8uvvx xdj266r x11i5rnm xat24cr x1mh8g0r xexx8yu x4uap5 x18d9i69 xkhd6sd x16tdsg8 x1hl2dhg xggy1nq x1a2a7pz xt0b8zv x1fey0fg\" tabindex=\"0\" role=\"link\" href=\"https:\/\/zaklada.civilnodrustvo.hr\/?fbclid=IwAR0eAL9IO9SM4oI_I414tyqN5sOvSFmajm9EMeTOilv6Cm0RmwAV6zMIB0U\" target=\"_blank\" rel=\"nofollow noopener\">https:\/\/zaklada.civilnodrustvo.hr\/<\/a><\/span><\/div>\n<div class=\"x1e56ztr\"><span class=\"x193iq5w xeuugli x13faqbe x1vvkbs x1xmvt09 x6prxxf xvq8zen xo1l8bm xzsf02u\">*******<\/span><\/div>\n<div class=\"x1e56ztr\"><span class=\"x193iq5w xeuugli x13faqbe x1vvkbs x1xmvt09 x6prxxf xvq8zen xo1l8bm xzsf02u\">Projekt je sufinancirala Europska unija iz Europskog socijalnog fonda.<\/span><\/div>\n<div class=\"x1e56ztr\"><span class=\"x193iq5w xeuugli x13faqbe x1vvkbs x1xmvt09 x6prxxf xvq8zen xo1l8bm xzsf02u\">Projekt sufinancira Ured za udruge Vlade Republike Hrvatske.<\/span><\/div>\n<div class=\"x1e56ztr\"><span class=\"x193iq5w xeuugli x13faqbe x1vvkbs x1xmvt09 x6prxxf xvq8zen xo1l8bm xzsf02u\">Sadr\u017eaj objave isklju\u010diva je odgovornost\u00a0<span class=\"xt0psk2\">Za\u0161titarsko-ekolo\u0161ka udruga &#8220;Senjar&#8221; [ ZeuS ]<\/span><\/span><\/div>\n<div class=\"x1e56ztr\"><span class=\"x193iq5w xeuugli x13faqbe x1vvkbs x1xmvt09 x6prxxf xvq8zen xo1l8bm xzsf02u\">Stajali\u0161ta izra\u017eena u ovoj objavi isklju\u010diva su odgovornost\u00a0<span class=\"xt0psk2\">Za\u0161titarsko-ekolo\u0161ka udruga &#8220;Senjar&#8221; [ ZeuS ]<\/span>\u00a0i ne odra\u017eavaju nu\u017eno stajali\u0161te Ureda za udruge Vlade Republike Hrvatske.<\/span><\/div>\n<\/div>\n<p>&nbsp;<\/p>\n<\/div>\n<\/div>\n","protected":false},"excerpt":{"rendered":"<p>U sklopu projekta IKT CLOUD-io planirana je volonterska aktivnost izleti koja podrazumijeva organizaciju ukupno 6 izleta za korisnike partnerskih organizacija Udruga slijepih Me\u0111imurske \u017eupanije i Udruga osoba s intelektualnim te\u0161ko\u0107ama Me\u0111imurske \u017eupanije. Dana 28.8.2022. organiziran je prvi izlet u Donje Me\u0111imurje u Donju Dubravu, Prelog i Svetu Mariju. Korisnici su imali priliku posjetiti pou\u010dnu stazu<\/p>\n<div class='read-more-button'><a class='read-more-link' href='https:\/\/zeus-senjar.hr\/web2\/index.php\/2022\/08\/31\/volonterska-aktivnost-izleti\/' style='border: 1px solid #2eae37'>Pro\u010ditaj vi\u0161e&#8230;<\/a><\/div>\n","protected":false},"author":1,"featured_media":896,"comment_status":"closed","ping_status":"closed","sticky":false,"template":"","format":"standard","meta":[],"categories":[14,15],"tags":[],"_links":{"self":[{"href":"https:\/\/zeus-senjar.hr\/web2\/index.php\/wp-json\/wp\/v2\/posts\/892"}],"collection":[{"href":"https:\/\/zeus-senjar.hr\/web2\/index.php\/wp-json\/wp\/v2\/posts"}],"about":[{"href":"https:\/\/zeus-senjar.hr\/web2\/index.php\/wp-json\/wp\/v2\/types\/post"}],"author":[{"embeddable":true,"href":"https:\/\/zeus-senjar.hr\/web2\/index.php\/wp-json\/wp\/v2\/users\/1"}],"replies":[{"embeddable":true,"href":"https:\/\/zeus-senjar.hr\/web2\/index.php\/wp-json\/wp\/v2\/comments?post=892"}],"version-history":[{"count":6,"href":"https:\/\/zeus-senjar.hr\/web2\/index.php\/wp-json\/wp\/v2\/posts\/892\/revisions"}],"predecessor-version":[{"id":904,"href":"https:\/\/zeus-senjar.hr\/web2\/index.php\/wp-json\/wp\/v2\/posts\/892\/revisions\/904"}],"wp:featuredmedia":[{"embeddable":true,"href":"https:\/\/zeus-senjar.hr\/web2\/index.php\/wp-json\/wp\/v2\/media\/896"}],"wp:attachment":[{"href":"https:\/\/zeus-senjar.hr\/web2\/index.php\/wp-json\/wp\/v2\/media?parent=892"}],"wp:term":[{"taxonomy":"category","embeddable":true,"href":"https:\/\/zeus-senjar.hr\/web2\/index.php\/wp-json\/wp\/v2\/categories?post=892"},{"taxonomy":"post_tag","embeddable":true,"href":"https:\/\/zeus-senjar.hr\/web2\/index.php\/wp-json\/wp\/v2\/tags?post=892"}],"curies":[{"name":"wp","href":"https:\/\/api.w.org\/{rel}","templated":true}]}}