{"id":91,"date":"2017-04-15T18:29:19","date_gmt":"2017-04-15T18:29:19","guid":{"rendered":"https:\/\/oobo.weboder.net\/zeus1\/?p=91"},"modified":"2021-02-28T12:04:00","modified_gmt":"2021-02-28T12:04:00","slug":"instalacija-damira-klaica-na-bijelome-mostu","status":"publish","type":"post","link":"https:\/\/zeus-senjar.hr\/web2\/index.php\/2017\/04\/15\/instalacija-damira-klaica-na-bijelome-mostu\/","title":{"rendered":"Instalacija Damira Klai\u0107a na Bijelome mostu"},"content":{"rendered":"<p class=\"bigger-text\"><strong class=\"theme_color\">Bijeli most, vise\u0107a \u0161etnica na Dravi kod Donje Dubrave, zasjao je u plavo-zelenoj kombinaciji i time privukao posjetitelje na izlo\u017ebu plutaju\u0107ih fotografija s prikazom rije\u010dnih motiva.<\/strong><\/p>\n<p>\u02ddOvom izlo\u017ebom ono \u0161to sam u prirodi snimio vra\u0107am natrag prirodi\u02dd, misao je autora fotografija, Damira Klai\u0107a-Klju\u010da. Naime, Za\u0161titarsko-ekolo\u0161ka udruga \u02ddSenjar\u02dd [ZeuS] je uz poznatog \u010dakove\u010dkog umjetnika ovom manifestacijom u subotu, 18.3.2017., obilje\u017eila Me\u0111unarodni dan rijeka i Svjetski dan voda. Bijeli most tako je poslu\u017eio za izlaganje fotografija velikog formata, koje su visjele s mosta i plutale na povr\u0161ini Drave, no\u0161ene rije\u010dnom maticom. Fotografije i nosivi stupovi mosta su u sumrak zasjali simboli\u010dnim plavim i zelenim tonovima te uz zvukovnu podlogu pru\u017eile novo iskustvo i atrakciju za posjetitelje. Ovom neobi\u010dnom i zanimljivom postavom organizatori su \u017eeljeli staviti naglasak na potrebu o\u010duvanja rijeke Drave i drugih vrijednih vodenih resursa Hrvatske.<\/p>\n<p>Osim same izlo\u017ebe, cjelodnevni program bio je ispunjen brojnim drugim aktivnostima. HGSS je provodio pokazne vje\u017ebe spa\u0161avanja, koje su mogli isprobati i posjetitelji, spu\u0161taju\u0107i se s mosta u spasila\u010dki \u010damac. Tako\u0111er, vrijedni Vidovski zlatari prikazali su kako se nekad \u017eivjelo uz ovu bogatu rijeku ispiranjem zlata iz rije\u010dnih pje\u0161\u0107anih nanosa. Iz programa nije zaostala ni obli\u017enja vodenica, koja je bila ure\u0111ena simpati\u010dnim i kreativnim dje\u010djim radovima s prikazima za\u0161ti\u0107enih vrsta uz rijeku Dravu, nastalima u ZEUSovim edukativnim aktivnostima u osnovnim \u0161kolama u Donjoj Dubravi i u Kotoribi.<\/p>\n<p>Rijeka Drava, nazivana jo\u0161 i Europskom Amazonom, jo\u0161 jednom je dokazala svoju ljepotu, privukla nove posjetitelje i uljep\u0161ala dan mnogima. Organizatori ovim putem zahvaljuju svima koji su sudjelovali u programu.<\/p>\n<p>Janja \u0160koda, predsjednica ZeuS-a<\/p>\n","protected":false},"excerpt":{"rendered":"<p>Bijeli most, vise\u0107a \u0161etnica na Dravi kod Donje Dubrave, zasjao je u plavo-zelenoj kombinaciji i time privukao posjetitelje na izlo\u017ebu plutaju\u0107ih fotografija s prikazom rije\u010dnih motiva. \u02ddOvom izlo\u017ebom ono \u0161to sam u prirodi snimio vra\u0107am natrag prirodi\u02dd, misao je autora fotografija, Damira Klai\u0107a-Klju\u010da. Naime, Za\u0161titarsko-ekolo\u0161ka udruga \u02ddSenjar\u02dd [ZeuS] je uz poznatog \u010dakove\u010dkog umjetnika ovom manifestacijom<\/p>\n<div class='read-more-button'><a class='read-more-link' href='https:\/\/zeus-senjar.hr\/web2\/index.php\/2017\/04\/15\/instalacija-damira-klaica-na-bijelome-mostu\/' style='border: 1px solid #2eae37'>Pro\u010ditaj vi\u0161e&#8230;<\/a><\/div>\n","protected":false},"author":2,"featured_media":19,"comment_status":"open","ping_status":"open","sticky":false,"template":"","format":"standard","meta":[],"categories":[1],"tags":[],"_links":{"self":[{"href":"https:\/\/zeus-senjar.hr\/web2\/index.php\/wp-json\/wp\/v2\/posts\/91"}],"collection":[{"href":"https:\/\/zeus-senjar.hr\/web2\/index.php\/wp-json\/wp\/v2\/posts"}],"about":[{"href":"https:\/\/zeus-senjar.hr\/web2\/index.php\/wp-json\/wp\/v2\/types\/post"}],"author":[{"embeddable":true,"href":"https:\/\/zeus-senjar.hr\/web2\/index.php\/wp-json\/wp\/v2\/users\/2"}],"replies":[{"embeddable":true,"href":"https:\/\/zeus-senjar.hr\/web2\/index.php\/wp-json\/wp\/v2\/comments?post=91"}],"version-history":[{"count":1,"href":"https:\/\/zeus-senjar.hr\/web2\/index.php\/wp-json\/wp\/v2\/posts\/91\/revisions"}],"predecessor-version":[{"id":621,"href":"https:\/\/zeus-senjar.hr\/web2\/index.php\/wp-json\/wp\/v2\/posts\/91\/revisions\/621"}],"wp:featuredmedia":[{"embeddable":true,"href":"https:\/\/zeus-senjar.hr\/web2\/index.php\/wp-json\/wp\/v2\/media\/19"}],"wp:attachment":[{"href":"https:\/\/zeus-senjar.hr\/web2\/index.php\/wp-json\/wp\/v2\/media?parent=91"}],"wp:term":[{"taxonomy":"category","embeddable":true,"href":"https:\/\/zeus-senjar.hr\/web2\/index.php\/wp-json\/wp\/v2\/categories?post=91"},{"taxonomy":"post_tag","embeddable":true,"href":"https:\/\/zeus-senjar.hr\/web2\/index.php\/wp-json\/wp\/v2\/tags?post=91"}],"curies":[{"name":"wp","href":"https:\/\/api.w.org\/{rel}","templated":true}]}}