{"id":936,"date":"2023-03-25T10:01:55","date_gmt":"2023-03-25T10:01:55","guid":{"rendered":"https:\/\/zeus-senjar.hr\/web2\/?p=936"},"modified":"2023-03-28T10:13:35","modified_gmt":"2023-03-28T10:13:35","slug":"eko-akcija-u-sklopu-projekta-ikt-cloud-io-2","status":"publish","type":"post","link":"https:\/\/zeus-senjar.hr\/web2\/index.php\/2023\/03\/25\/eko-akcija-u-sklopu-projekta-ikt-cloud-io-2\/","title":{"rendered":"Eko akcija u sklopu projekta IKT Cloud-io"},"content":{"rendered":"<div class=\"cxmmr5t8 oygrvhab hcukyx3x c1et5uql o9v6fnle ii04i59q\">\n<div dir=\"auto\">\n<div class=\"l7ghb35v kjdc1dyq kmwttqpk gh25dzvf jikcssrz n3t5jt4f\">\n<p class=\"x1e56ztr\"><span class=\"x193iq5w xeuugli x13faqbe x1vvkbs x1xmvt09 x6prxxf xvq8zen xo1l8bm xzsf02u\">U subotu, 25. o\u017eujka <\/span><span class=\"x193iq5w xeuugli x13faqbe x1vvkbs x1xmvt09 x6prxxf xvq8zen xo1l8bm xzsf02u\">2023. odr\u017eana je druga, ujedno i zavr\u0161na eko akcija u sklopu projekta IKT Cloud-io, UP.04.02.1.11.0424. Volonteri razli\u010ditih dobnih skupina, od kojih najvi\u0161e mla\u0111ih uzrasta, odazvali su se kako bi po\u010distili sme\u0107e na <b>\u0161umskoj pou\u010dnoj stazi &#8220;Vrata Pa\u017euta&#8221;<\/b>. Eko akcije uskla\u0111ene su s volonterskim programom, koji je tako\u0111er izra\u0111en u sklopu ovog projekta. <\/span><\/p>\n<p class=\"x1e56ztr\"><span class=\"x193iq5w xeuugli x13faqbe x1vvkbs x1xmvt09 x6prxxf xvq8zen xo1l8bm xzsf02u\">I ovaj put bilo je puno odba\u010denog sme\u0107a razli\u010ditih vrsta, a kako je to izgledalo, mo\u017eete provjeriti u na\u0161oj galeriji. Iako je cijelo vrijeme padala ki\u0161ica, nije nas omela da uspje\u0161no provedemo ovu eko akciju.\u00a0<\/span><\/p>\n<p class=\"x1e56ztr\"><span class=\"x193iq5w xeuugli x13faqbe x1vvkbs x1xmvt09 x6prxxf xvq8zen xo1l8bm xzsf02u\">Zahvaljujemo od\u00a0<span class=\"x3nfvp2 x1j61x8r x1fcty0u xdj266r xhhsvwb xat24cr xgzva0m xxymvpz xlup9mm x1kky2od\"><img loading=\"lazy\" src=\"https:\/\/static.xx.fbcdn.net\/images\/emoji.php\/v9\/t94\/1\/16\/1f49a.png\" alt=\"\ud83d\udc9a\" width=\"16\" height=\"16\" \/><\/span> svim volonterima <a class=\"x1i10hfl xjbqb8w x6umtig x1b1mbwd xaqea5y xav7gou x9f619 x1ypdohk xt0psk2 xe8uvvx xdj266r x11i5rnm xat24cr x1mh8g0r xexx8yu x4uap5 x18d9i69 xkhd6sd x16tdsg8 x1hl2dhg xggy1nq x1a2a7pz xt0b8zv x1qq9wsj xo1l8bm\" tabindex=\"0\" role=\"link\" href=\"https:\/\/www.facebook.com\/groups\/zeus.senjar\/?__cft__[0]=AZXodbOEpTOX3jGYzT2Gcuh0IzZH82SAujepd1sQ9Mb6GeHFu-cwCB5EtG7DuOJaMD_GEzT1x5XD4X77w94ujua0VwDJKvKaB8AZkP5_m7hV2s1EImyq4HymIvkknFfcey9UcDSfIiZV57G10sesFp6uGOqncCxstScSDKK57P7OhpvRm1rxbPpL_v5BRf-pRz0&amp;__tn__=-UK-R\"><span class=\"xt0psk2\">Za\u0161titarsko-ekolo\u0161ka udruga &#8220;Senjar&#8221; [ ZeuS ]<\/span><\/a> i \u010dlanovima partnerskog OCD-a na ovom projektu <a class=\"x1i10hfl xjbqb8w x6umtig x1b1mbwd xaqea5y xav7gou x9f619 x1ypdohk xt0psk2 xe8uvvx xdj266r x11i5rnm xat24cr x1mh8g0r xexx8yu x4uap5 x18d9i69 xkhd6sd x16tdsg8 x1hl2dhg xggy1nq x1a2a7pz xt0b8zv x1qq9wsj xo1l8bm\" tabindex=\"0\" role=\"link\" href=\"https:\/\/www.facebook.com\/medjimurskivodici\/?__cft__[0]=AZXodbOEpTOX3jGYzT2Gcuh0IzZH82SAujepd1sQ9Mb6GeHFu-cwCB5EtG7DuOJaMD_GEzT1x5XD4X77w94ujua0VwDJKvKaB8AZkP5_m7hV2s1EImyq4HymIvkknFfcey9UcDSfIiZV57G10sesFp6uGOqncCxstScSDKK57P7OhpvRm1rxbPpL_v5BRf-pRz0&amp;__tn__=kK-R\"><span class=\"xt0psk2\">UTV Me\u0111imurski Vodi\u010di<\/span><\/a>, koji su do\u0161li i u dobrom raspolo\u017eenju sudjelovali u akciji. Nadamo se da \u0107e s vremenom nesavjesnog bacanja sme\u0107a u prirodu biti \u010dim manje.\u00a0<\/span><\/p>\n<div class=\"x1e56ztr\"><\/div>\n<div class=\"x1e56ztr\"><span class=\"x193iq5w xeuugli x13faqbe x1vvkbs x1xmvt09 x6prxxf xvq8zen xo1l8bm xzsf02u\"><b>OSNOVNE INFORMACIJE O PROJEKTU<\/b><\/span><\/div>\n<div class=\"x1e56ztr\"><span class=\"x193iq5w xeuugli x13faqbe x1vvkbs x1xmvt09 x6prxxf xvq8zen xo1l8bm xzsf02u\">Poziv: Ja\u010danje kapaciteta OCD-a za odgovaranje na potrebe lokalne zajednice<\/span><\/div>\n<div class=\"x1e56ztr\"><span class=\"x193iq5w xeuugli x13faqbe x1vvkbs x1xmvt09 x6prxxf xvq8zen xo1l8bm xzsf02u\">Referentni broj projekta: UP.04.02.1.11.0424<\/span><\/div>\n<div class=\"x1e56ztr\"><span class=\"x193iq5w xeuugli x13faqbe x1vvkbs x1xmvt09 x6prxxf xvq8zen xo1l8bm xzsf02u\">Ukupna vrijednost projekta: 494.057,98 HRK<\/span><\/div>\n<div class=\"x1e56ztr\"><span class=\"x193iq5w xeuugli x13faqbe x1vvkbs x1xmvt09 x6prxxf xvq8zen xo1l8bm xzsf02u\">Bespovratna sredstva osigurana su od strane Europskog socijalnog fonda (419.949,28 HRK) i Dr\u017eavnog prora\u010duna Republike Hrvatske (74.108,70 HRK)<\/span><\/div>\n<div class=\"x1e56ztr\"><span class=\"x193iq5w xeuugli x13faqbe x1vvkbs x1xmvt09 x6prxxf xvq8zen xo1l8bm xzsf02u\">Period provedbe: 19.4.2022. &#8211; 19.4.2023.<\/span><\/div>\n<div class=\"x1e56ztr\"><span class=\"x193iq5w xeuugli x13faqbe x1vvkbs x1xmvt09 x6prxxf xvq8zen xo1l8bm xzsf02u\">Vi\u0161e informacija:\u00a0<a class=\"x1i10hfl xjbqb8w x6umtig x1b1mbwd xaqea5y xav7gou x9f619 x1ypdohk xt0psk2 xe8uvvx xdj266r x11i5rnm xat24cr x1mh8g0r xexx8yu x4uap5 x18d9i69 xkhd6sd x16tdsg8 x1hl2dhg xggy1nq x1a2a7pz xt0b8zv x1fey0fg\" tabindex=\"0\" role=\"link\" href=\"https:\/\/l.facebook.com\/l.php?u=https%3A%2F%2Fesf.hr%2F%3Ffbclid%3DIwAR25qnfONWz1IjsMA2-8oXmJPby7lD_N_JgIsMuPMuukAn_8Q2GZhyglNyc&amp;h=AT1bdFxlyt5ywNIyN7RONgTlDwFxEAcjZnc0mN2RMI3Hg6dkODzzqvxBbb_otVwmwijO7TNjOSdESWmw8mNAwMYAyQR-h4F3OUcm1jW2VqIbFJguQfWu--MiAgQVhU5nIQ&amp;__tn__=-UK-R&amp;c[0]=AT0XRjZceaLHDKYp5Q9xN2F3sAeVBSBgJI0UpZnSC-p11lyWoBZkTqNg5lA0vgHneaH0XdjKw5g17ydWOHAa4jjnSdbOlJwffQ1jXmNsomCxFnG-bNuAbOwhIoHASDC9tUaYF28i8Lvbz5YVSH65yeUnEiyLqSftlB-CU6EDPThCNPqEx1h5bVSOVJNEprPyC6DfMP11ebIL-yJtoMQDQeYw\" target=\"_blank\" rel=\"nofollow noopener\">https:\/\/esf.hr<\/a>,\u00a0<a class=\"x1i10hfl xjbqb8w x6umtig x1b1mbwd xaqea5y xav7gou x9f619 x1ypdohk xt0psk2 xe8uvvx xdj266r x11i5rnm xat24cr x1mh8g0r xexx8yu x4uap5 x18d9i69 xkhd6sd x16tdsg8 x1hl2dhg xggy1nq x1a2a7pz xt0b8zv x1fey0fg\" tabindex=\"0\" role=\"link\" href=\"https:\/\/strukturnifondovi.hr\/?fbclid=IwAR2x5e2VTui3BV_pW9C_sP5_y0AhCNgySXrgUzJ3s9CuBxfOFifHTGTGvDQ\" target=\"_blank\" rel=\"nofollow noopener\">https:\/\/strukturnifondovi.hr<\/a>\u00a0i\u00a0<a class=\"x1i10hfl xjbqb8w x6umtig x1b1mbwd xaqea5y xav7gou x9f619 x1ypdohk xt0psk2 xe8uvvx xdj266r x11i5rnm xat24cr x1mh8g0r xexx8yu x4uap5 x18d9i69 xkhd6sd x16tdsg8 x1hl2dhg xggy1nq x1a2a7pz xt0b8zv x1fey0fg\" tabindex=\"0\" role=\"link\" href=\"https:\/\/zaklada.civilnodrustvo.hr\/?fbclid=IwAR0eAL9IO9SM4oI_I414tyqN5sOvSFmajm9EMeTOilv6Cm0RmwAV6zMIB0U\" target=\"_blank\" rel=\"nofollow noopener\">https:\/\/zaklada.civilnodrustvo.hr\/<\/a><\/span><\/div>\n<div class=\"x1e56ztr\"><span class=\"x193iq5w xeuugli x13faqbe x1vvkbs x1xmvt09 x6prxxf xvq8zen xo1l8bm xzsf02u\">*******<\/span><\/div>\n<div class=\"x1e56ztr\"><span class=\"x193iq5w xeuugli x13faqbe x1vvkbs x1xmvt09 x6prxxf xvq8zen xo1l8bm xzsf02u\">Projekt je sufinancirala Europska unija iz Europskog socijalnog fonda.<\/span><\/div>\n<div class=\"x1e56ztr\"><span class=\"x193iq5w xeuugli x13faqbe x1vvkbs x1xmvt09 x6prxxf xvq8zen xo1l8bm xzsf02u\">Projekt sufinancira Ured za udruge Vlade Republike Hrvatske.<\/span><\/div>\n<div class=\"x1e56ztr\"><span class=\"x193iq5w xeuugli x13faqbe x1vvkbs x1xmvt09 x6prxxf xvq8zen xo1l8bm xzsf02u\">Sadr\u017eaj objave isklju\u010diva je odgovornost\u00a0<span class=\"xt0psk2\">Za\u0161titarsko-ekolo\u0161ka udruga &#8220;Senjar&#8221; [ ZeuS ]<\/span><\/span><\/div>\n<div class=\"x1e56ztr\"><span class=\"x193iq5w xeuugli x13faqbe x1vvkbs x1xmvt09 x6prxxf xvq8zen xo1l8bm xzsf02u\">Stajali\u0161ta izra\u017eena u ovoj objavi isklju\u010diva su odgovornost\u00a0<span class=\"xt0psk2\">Za\u0161titarsko-ekolo\u0161ka udruga &#8220;Senjar&#8221; [ ZeuS ]<\/span>\u00a0i ne odra\u017eavaju nu\u017eno stajali\u0161te Ureda za udruge Vlade Republike Hrvatske.<\/span><\/div>\n<\/div>\n\n\t\t<style type=\"text\/css\">\n\t\t\t#gallery-1 {\n\t\t\t\tmargin: auto;\n\t\t\t}\n\t\t\t#gallery-1 .gallery-item {\n\t\t\t\tfloat: left;\n\t\t\t\tmargin-top: 10px;\n\t\t\t\ttext-align: center;\n\t\t\t\twidth: 33%;\n\t\t\t}\n\t\t\t#gallery-1 img {\n\t\t\t\tborder: 2px solid #cfcfcf;\n\t\t\t}\n\t\t\t#gallery-1 .gallery-caption {\n\t\t\t\tmargin-left: 0;\n\t\t\t}\n\t\t\t\/* see gallery_shortcode() in wp-includes\/media.php *\/\n\t\t<\/style>\n\t\t<div id='gallery-1' class='gallery galleryid-936 gallery-columns-3 gallery-size-thumbnail'><dl class='gallery-item'>\n\t\t\t<dt class='gallery-icon portrait'>\n\t\t\t\t<a href='https:\/\/zeus-senjar.hr\/web2\/index.php\/2023\/03\/25\/eko-akcija-u-sklopu-projekta-ikt-cloud-io-2\/zeus-eko-akcija\/'><img width=\"150\" height=\"150\" src=\"https:\/\/zeus-senjar.hr\/web2\/wp-content\/uploads\/2023\/03\/zeus-eko-akcija-150x150.jpg\" class=\"attachment-thumbnail size-thumbnail\" alt=\"\" loading=\"lazy\" \/><\/a>\n\t\t\t<\/dt><\/dl><dl class='gallery-item'>\n\t\t\t<dt class='gallery-icon landscape'>\n\t\t\t\t<a href='https:\/\/zeus-senjar.hr\/web2\/index.php\/2023\/03\/25\/eko-akcija-u-sklopu-projekta-ikt-cloud-io-2\/zeus-eko-akcija-2\/'><img width=\"150\" height=\"150\" src=\"https:\/\/zeus-senjar.hr\/web2\/wp-content\/uploads\/2023\/03\/zeus-eko-akcija-2-150x150.jpg\" class=\"attachment-thumbnail size-thumbnail\" alt=\"\" loading=\"lazy\" \/><\/a>\n\t\t\t<\/dt><\/dl><dl class='gallery-item'>\n\t\t\t<dt class='gallery-icon portrait'>\n\t\t\t\t<a href='https:\/\/zeus-senjar.hr\/web2\/index.php\/2023\/03\/25\/eko-akcija-u-sklopu-projekta-ikt-cloud-io-2\/zeus-eko-akcija-5\/'><img width=\"150\" height=\"150\" src=\"https:\/\/zeus-senjar.hr\/web2\/wp-content\/uploads\/2023\/03\/zeus-eko-akcija-5-150x150.jpg\" class=\"attachment-thumbnail size-thumbnail\" alt=\"\" loading=\"lazy\" \/><\/a>\n\t\t\t<\/dt><\/dl><br style=\"clear: both\" \/><dl class='gallery-item'>\n\t\t\t<dt class='gallery-icon portrait'>\n\t\t\t\t<a href='https:\/\/zeus-senjar.hr\/web2\/index.php\/2023\/03\/25\/eko-akcija-u-sklopu-projekta-ikt-cloud-io-2\/zeus-eko-akcija-4\/'><img width=\"150\" height=\"150\" src=\"https:\/\/zeus-senjar.hr\/web2\/wp-content\/uploads\/2023\/03\/zeus-eko-akcija-4-150x150.jpg\" class=\"attachment-thumbnail size-thumbnail\" alt=\"\" loading=\"lazy\" \/><\/a>\n\t\t\t<\/dt><\/dl><dl class='gallery-item'>\n\t\t\t<dt class='gallery-icon landscape'>\n\t\t\t\t<a href='https:\/\/zeus-senjar.hr\/web2\/index.php\/2023\/03\/25\/eko-akcija-u-sklopu-projekta-ikt-cloud-io-2\/zeus-eko-akcija-6\/'><img width=\"150\" height=\"150\" src=\"https:\/\/zeus-senjar.hr\/web2\/wp-content\/uploads\/2023\/03\/zeus-eko-akcija-6-150x150.jpg\" class=\"attachment-thumbnail size-thumbnail\" alt=\"\" loading=\"lazy\" \/><\/a>\n\t\t\t<\/dt><\/dl><dl class='gallery-item'>\n\t\t\t<dt class='gallery-icon portrait'>\n\t\t\t\t<a href='https:\/\/zeus-senjar.hr\/web2\/index.php\/2023\/03\/25\/eko-akcija-u-sklopu-projekta-ikt-cloud-io-2\/zeus-eko-akcija-3\/'><img width=\"150\" height=\"150\" src=\"https:\/\/zeus-senjar.hr\/web2\/wp-content\/uploads\/2023\/03\/zeus-eko-akcija-3-150x150.jpg\" class=\"attachment-thumbnail size-thumbnail\" alt=\"\" loading=\"lazy\" \/><\/a>\n\t\t\t<\/dt><\/dl><br style=\"clear: both\" \/>\n\t\t<\/div>\n\n<p>&nbsp;<\/p>\n<\/div>\n<\/div>\n","protected":false},"excerpt":{"rendered":"<p>U subotu, 25. o\u017eujka 2023. odr\u017eana je druga, ujedno i zavr\u0161na eko akcija u sklopu projekta IKT Cloud-io, UP.04.02.1.11.0424. Volonteri razli\u010ditih dobnih skupina, od kojih najvi\u0161e mla\u0111ih uzrasta, odazvali su se kako bi po\u010distili sme\u0107e na \u0161umskoj pou\u010dnoj stazi &#8220;Vrata Pa\u017euta&#8221;. Eko akcije uskla\u0111ene su s volonterskim programom, koji je tako\u0111er izra\u0111en u sklopu ovog<\/p>\n<div class='read-more-button'><a class='read-more-link' href='https:\/\/zeus-senjar.hr\/web2\/index.php\/2023\/03\/25\/eko-akcija-u-sklopu-projekta-ikt-cloud-io-2\/' style='border: 1px solid #2eae37'>Pro\u010ditaj vi\u0161e&#8230;<\/a><\/div>\n","protected":false},"author":1,"featured_media":943,"comment_status":"closed","ping_status":"closed","sticky":false,"template":"","format":"standard","meta":[],"categories":[14,15],"tags":[],"_links":{"self":[{"href":"https:\/\/zeus-senjar.hr\/web2\/index.php\/wp-json\/wp\/v2\/posts\/936"}],"collection":[{"href":"https:\/\/zeus-senjar.hr\/web2\/index.php\/wp-json\/wp\/v2\/posts"}],"about":[{"href":"https:\/\/zeus-senjar.hr\/web2\/index.php\/wp-json\/wp\/v2\/types\/post"}],"author":[{"embeddable":true,"href":"https:\/\/zeus-senjar.hr\/web2\/index.php\/wp-json\/wp\/v2\/users\/1"}],"replies":[{"embeddable":true,"href":"https:\/\/zeus-senjar.hr\/web2\/index.php\/wp-json\/wp\/v2\/comments?post=936"}],"version-history":[{"count":2,"href":"https:\/\/zeus-senjar.hr\/web2\/index.php\/wp-json\/wp\/v2\/posts\/936\/revisions"}],"predecessor-version":[{"id":944,"href":"https:\/\/zeus-senjar.hr\/web2\/index.php\/wp-json\/wp\/v2\/posts\/936\/revisions\/944"}],"wp:featuredmedia":[{"embeddable":true,"href":"https:\/\/zeus-senjar.hr\/web2\/index.php\/wp-json\/wp\/v2\/media\/943"}],"wp:attachment":[{"href":"https:\/\/zeus-senjar.hr\/web2\/index.php\/wp-json\/wp\/v2\/media?parent=936"}],"wp:term":[{"taxonomy":"category","embeddable":true,"href":"https:\/\/zeus-senjar.hr\/web2\/index.php\/wp-json\/wp\/v2\/categories?post=936"},{"taxonomy":"post_tag","embeddable":true,"href":"https:\/\/zeus-senjar.hr\/web2\/index.php\/wp-json\/wp\/v2\/tags?post=936"}],"curies":[{"name":"wp","href":"https:\/\/api.w.org\/{rel}","templated":true}]}}