{"id":945,"date":"2023-03-19T10:24:16","date_gmt":"2023-03-19T10:24:16","guid":{"rendered":"https:\/\/zeus-senjar.hr\/web2\/?p=945"},"modified":"2023-03-28T10:41:18","modified_gmt":"2023-03-28T10:41:18","slug":"volonterska-aktivnost-izlet-uz-rijeku-muru","status":"publish","type":"post","link":"https:\/\/zeus-senjar.hr\/web2\/index.php\/2023\/03\/19\/volonterska-aktivnost-izlet-uz-rijeku-muru\/","title":{"rendered":"Volonterska aktivnost &#8211; izlet uz rijeku Muru"},"content":{"rendered":"<div class=\"cxmmr5t8 oygrvhab hcukyx3x c1et5uql o9v6fnle ii04i59q\">\n<div dir=\"auto\">\n<div class=\"l7ghb35v kjdc1dyq kmwttqpk gh25dzvf jikcssrz n3t5jt4f\">\n<div class=\"x11i5rnm xat24cr x1mh8g0r x1vvkbs xtlvy1s x126k92a\">\n<div class=\"x11i5rnm xat24cr x1mh8g0r x1vvkbs xdj266r x126k92a\">\n<p dir=\"auto\">U sklopu projekta IKT CLOUD-io planirana je volonterska aktivnost Izleti koja podrazumijeva organizaciju 6 izleta za korisnike partnerskih organizacija <a class=\"x1i10hfl xjbqb8w x6umtig x1b1mbwd xaqea5y xav7gou x9f619 x1ypdohk xt0psk2 xe8uvvx xdj266r x11i5rnm xat24cr x1mh8g0r xexx8yu x4uap5 x18d9i69 xkhd6sd x16tdsg8 x1hl2dhg xggy1nq x1a2a7pz xt0b8zv x1qq9wsj xo1l8bm\" tabindex=\"0\" role=\"link\" href=\"https:\/\/www.facebook.com\/UdrugaslijepihMedimurskezupanije\/?__cft__[0]=AZVL6Ux6YNelwLfUzjp2zs7q2GqC7txZE11JlAVCbtxYmTGSrBGzHxHXpSKfufVjrNZYXWHhGTgZoUAhH0Gheo7CGiyd4F93aTPctfswW5Akp6vwKOR-mWRB8kn98AKqHn76NzTLt5egxn0RwJ8xLPZd2uGe0WVR-MROKa1V0NJzULD8bjaBai5Pxk7o78cvjp0&amp;__tn__=kK-R\"><span class=\"xt0psk2\">Udruga slijepih Me\u0111imurske \u017eupanije<\/span><\/a> i <a class=\"x1i10hfl xjbqb8w x6umtig x1b1mbwd xaqea5y xav7gou x9f619 x1ypdohk xt0psk2 xe8uvvx xdj266r x11i5rnm xat24cr x1mh8g0r xexx8yu x4uap5 x18d9i69 xkhd6sd x16tdsg8 x1hl2dhg xggy1nq x1a2a7pz xt0b8zv x1qq9wsj xo1l8bm\" tabindex=\"0\" role=\"link\" href=\"https:\/\/www.facebook.com\/profile.php?id=100078736847331&amp;__cft__[0]=AZVL6Ux6YNelwLfUzjp2zs7q2GqC7txZE11JlAVCbtxYmTGSrBGzHxHXpSKfufVjrNZYXWHhGTgZoUAhH0Gheo7CGiyd4F93aTPctfswW5Akp6vwKOR-mWRB8kn98AKqHn76NzTLt5egxn0RwJ8xLPZd2uGe0WVR-MROKa1V0NJzULD8bjaBai5Pxk7o78cvjp0&amp;__tn__=-]K-R\"><span class=\"xt0psk2\">Udruga osoba s intelektualnim te\u0161ko\u0107ama Me\u0111imurske \u017eupanije.<\/span><\/a><\/p>\n<div dir=\"auto\"><\/div>\n<\/div>\n<div class=\"x11i5rnm xat24cr x1mh8g0r x1vvkbs xtlvy1s x126k92a\">\n<p dir=\"auto\">Dana 19.3.2023. organiziran je peti izlet na <strong>podru\u010dje uz rijeku Muru<\/strong>. U sklopu izleta, korisnici i volonteri posjetili su <a class=\"x1i10hfl xjbqb8w x6umtig x1b1mbwd xaqea5y xav7gou x9f619 x1ypdohk xt0psk2 xe8uvvx xdj266r x11i5rnm xat24cr x1mh8g0r xexx8yu x4uap5 x18d9i69 xkhd6sd x16tdsg8 x1hl2dhg xggy1nq x1a2a7pz xt0b8zv x1qq9wsj xo1l8bm\" tabindex=\"0\" role=\"link\" href=\"https:\/\/www.facebook.com\/meddvemivodami?__cft__[0]=AZVL6Ux6YNelwLfUzjp2zs7q2GqC7txZE11JlAVCbtxYmTGSrBGzHxHXpSKfufVjrNZYXWHhGTgZoUAhH0Gheo7CGiyd4F93aTPctfswW5Akp6vwKOR-mWRB8kn98AKqHn76NzTLt5egxn0RwJ8xLPZd2uGe0WVR-MROKa1V0NJzULD8bjaBai5Pxk7o78cvjp0&amp;__tn__=-]K-R\"><span class=\"xt0psk2\">Med dvemi vodami &#8211; Centar za posjetitelje Kri\u017eovec<\/span><\/a> gdje su nau\u010dili zanimljivosti o povijesti \u0161umarstva u Me\u0111imurju, prou\u010davali galerije Muru i Dravu, te nau\u010dili ne\u0161to vi\u0161e o bogatoj flori i fauni uz dvije me\u0111imurske rijeke. Veliko hvala svim djelatnicima centra koji su nam omogu\u0107li posjet.<\/p>\n<div dir=\"auto\"><\/div>\n<\/div>\n<div class=\"x11i5rnm xat24cr x1mh8g0r x1vvkbs xtlvy1s x126k92a\">\n<p dir=\"auto\">Nakon toga korisnici su posjetili Mursko Sredi\u0161\u0107e, najsjeverniji grad u RH, gdje su slu\u0161ali o povijesti rudarstva u <a class=\"x1i10hfl xjbqb8w x6umtig x1b1mbwd xaqea5y xav7gou x9f619 x1ypdohk xt0psk2 xe8uvvx xdj266r x11i5rnm xat24cr x1mh8g0r xexx8yu x4uap5 x18d9i69 xkhd6sd x16tdsg8 x1hl2dhg xggy1nq x1a2a7pz xt0b8zv x1qq9wsj xo1l8bm\" tabindex=\"0\" role=\"link\" href=\"https:\/\/www.facebook.com\/profile.php?id=100083087419096&amp;__cft__[0]=AZVL6Ux6YNelwLfUzjp2zs7q2GqC7txZE11JlAVCbtxYmTGSrBGzHxHXpSKfufVjrNZYXWHhGTgZoUAhH0Gheo7CGiyd4F93aTPctfswW5Akp6vwKOR-mWRB8kn98AKqHn76NzTLt5egxn0RwJ8xLPZd2uGe0WVR-MROKa1V0NJzULD8bjaBai5Pxk7o78cvjp0&amp;__tn__=-]K-R\"><span class=\"xt0psk2\">Spomen dom rudarstva &#8211; Cimper<\/span><\/a>. Hvala gospodinu <a class=\"x1i10hfl xjbqb8w x6umtig x1b1mbwd xaqea5y xav7gou x9f619 x1ypdohk xt0psk2 xe8uvvx xdj266r x11i5rnm xat24cr x1mh8g0r xexx8yu x4uap5 x18d9i69 xkhd6sd x16tdsg8 x1hl2dhg xggy1nq x1a2a7pz xt0b8zv x1qq9wsj xo1l8bm\" tabindex=\"0\" role=\"link\" href=\"https:\/\/www.facebook.com\/zoran.turk?__cft__[0]=AZVL6Ux6YNelwLfUzjp2zs7q2GqC7txZE11JlAVCbtxYmTGSrBGzHxHXpSKfufVjrNZYXWHhGTgZoUAhH0Gheo7CGiyd4F93aTPctfswW5Akp6vwKOR-mWRB8kn98AKqHn76NzTLt5egxn0RwJ8xLPZd2uGe0WVR-MROKa1V0NJzULD8bjaBai5Pxk7o78cvjp0&amp;__tn__=-]K-R\"><span class=\"xt0psk2\">Zoranu Turku<\/span><\/a> na izvrsnoj interpretaciji novog CZP-a u Me\u0111imurju. Uslijedila je \u0161etnja \u0161etnicom Svete Barbare, a kraj izleta obilje\u017eio je obrok u <a class=\"x1i10hfl xjbqb8w x6umtig x1b1mbwd xaqea5y xav7gou x9f619 x1ypdohk xt0psk2 xe8uvvx xdj266r x11i5rnm xat24cr x1mh8g0r xexx8yu x4uap5 x18d9i69 xkhd6sd x16tdsg8 x1hl2dhg xggy1nq x1a2a7pz xt0b8zv x1qq9wsj xo1l8bm\" tabindex=\"0\" role=\"link\" href=\"https:\/\/www.facebook.com\/profile.php?id=100088731525073&amp;__cft__[0]=AZVL6Ux6YNelwLfUzjp2zs7q2GqC7txZE11JlAVCbtxYmTGSrBGzHxHXpSKfufVjrNZYXWHhGTgZoUAhH0Gheo7CGiyd4F93aTPctfswW5Akp6vwKOR-mWRB8kn98AKqHn76NzTLt5egxn0RwJ8xLPZd2uGe0WVR-MROKa1V0NJzULD8bjaBai5Pxk7o78cvjp0&amp;__tn__=-]K-R\"><span class=\"xt0psk2\">Me Gusta Bar<\/span><\/a> u Murskom Sredi\u0161\u0107u za korisnike izleta.<\/p>\n<\/div>\n<\/div>\n<div class=\"x1e56ztr\"><\/div>\n<div class=\"x1e56ztr\"><span class=\"x193iq5w xeuugli x13faqbe x1vvkbs x1xmvt09 x6prxxf xvq8zen xo1l8bm xzsf02u\"><b>OSNOVNE INFORMACIJE O PROJEKTU<\/b><\/span><\/div>\n<div class=\"x1e56ztr\"><span class=\"x193iq5w xeuugli x13faqbe x1vvkbs x1xmvt09 x6prxxf xvq8zen xo1l8bm xzsf02u\">Poziv: Ja\u010danje kapaciteta OCD-a za odgovaranje na potrebe lokalne zajednice<\/span><\/div>\n<div class=\"x1e56ztr\"><span class=\"x193iq5w xeuugli x13faqbe x1vvkbs x1xmvt09 x6prxxf xvq8zen xo1l8bm xzsf02u\">Referentni broj projekta: UP.04.02.1.11.0424<\/span><\/div>\n<div class=\"x1e56ztr\"><span class=\"x193iq5w xeuugli x13faqbe x1vvkbs x1xmvt09 x6prxxf xvq8zen xo1l8bm xzsf02u\">Ukupna vrijednost projekta: 494.057,98 HRK<\/span><\/div>\n<div class=\"x1e56ztr\"><span class=\"x193iq5w xeuugli x13faqbe x1vvkbs x1xmvt09 x6prxxf xvq8zen xo1l8bm xzsf02u\">Bespovratna sredstva osigurana su od strane Europskog socijalnog fonda (419.949,28 HRK) i Dr\u017eavnog prora\u010duna Republike Hrvatske (74.108,70 HRK)<\/span><\/div>\n<div class=\"x1e56ztr\"><span class=\"x193iq5w xeuugli x13faqbe x1vvkbs x1xmvt09 x6prxxf xvq8zen xo1l8bm xzsf02u\">Period provedbe: 19.4.2022. &#8211; 19.4.2023.<\/span><\/div>\n<div class=\"x1e56ztr\"><span class=\"x193iq5w xeuugli x13faqbe x1vvkbs x1xmvt09 x6prxxf xvq8zen xo1l8bm xzsf02u\">Vi\u0161e informacija:\u00a0<a class=\"x1i10hfl xjbqb8w x6umtig x1b1mbwd xaqea5y xav7gou x9f619 x1ypdohk xt0psk2 xe8uvvx xdj266r x11i5rnm xat24cr x1mh8g0r xexx8yu x4uap5 x18d9i69 xkhd6sd x16tdsg8 x1hl2dhg xggy1nq x1a2a7pz xt0b8zv x1fey0fg\" tabindex=\"0\" role=\"link\" href=\"https:\/\/l.facebook.com\/l.php?u=https%3A%2F%2Fesf.hr%2F%3Ffbclid%3DIwAR25qnfONWz1IjsMA2-8oXmJPby7lD_N_JgIsMuPMuukAn_8Q2GZhyglNyc&amp;h=AT1bdFxlyt5ywNIyN7RONgTlDwFxEAcjZnc0mN2RMI3Hg6dkODzzqvxBbb_otVwmwijO7TNjOSdESWmw8mNAwMYAyQR-h4F3OUcm1jW2VqIbFJguQfWu--MiAgQVhU5nIQ&amp;__tn__=-UK-R&amp;c[0]=AT0XRjZceaLHDKYp5Q9xN2F3sAeVBSBgJI0UpZnSC-p11lyWoBZkTqNg5lA0vgHneaH0XdjKw5g17ydWOHAa4jjnSdbOlJwffQ1jXmNsomCxFnG-bNuAbOwhIoHASDC9tUaYF28i8Lvbz5YVSH65yeUnEiyLqSftlB-CU6EDPThCNPqEx1h5bVSOVJNEprPyC6DfMP11ebIL-yJtoMQDQeYw\" target=\"_blank\" rel=\"nofollow noopener\">https:\/\/esf.hr<\/a>,\u00a0<a class=\"x1i10hfl xjbqb8w x6umtig x1b1mbwd xaqea5y xav7gou x9f619 x1ypdohk xt0psk2 xe8uvvx xdj266r x11i5rnm xat24cr x1mh8g0r xexx8yu x4uap5 x18d9i69 xkhd6sd x16tdsg8 x1hl2dhg xggy1nq x1a2a7pz xt0b8zv x1fey0fg\" tabindex=\"0\" role=\"link\" href=\"https:\/\/strukturnifondovi.hr\/?fbclid=IwAR2x5e2VTui3BV_pW9C_sP5_y0AhCNgySXrgUzJ3s9CuBxfOFifHTGTGvDQ\" target=\"_blank\" rel=\"nofollow noopener\">https:\/\/strukturnifondovi.hr<\/a>\u00a0i\u00a0<a class=\"x1i10hfl xjbqb8w x6umtig x1b1mbwd xaqea5y xav7gou x9f619 x1ypdohk xt0psk2 xe8uvvx xdj266r x11i5rnm xat24cr x1mh8g0r xexx8yu x4uap5 x18d9i69 xkhd6sd x16tdsg8 x1hl2dhg xggy1nq x1a2a7pz xt0b8zv x1fey0fg\" tabindex=\"0\" role=\"link\" href=\"https:\/\/zaklada.civilnodrustvo.hr\/?fbclid=IwAR0eAL9IO9SM4oI_I414tyqN5sOvSFmajm9EMeTOilv6Cm0RmwAV6zMIB0U\" target=\"_blank\" rel=\"nofollow noopener\">https:\/\/zaklada.civilnodrustvo.hr\/<\/a><\/span><\/div>\n<div class=\"x1e56ztr\"><span class=\"x193iq5w xeuugli x13faqbe x1vvkbs x1xmvt09 x6prxxf xvq8zen xo1l8bm xzsf02u\">*******<\/span><\/div>\n<div class=\"x1e56ztr\"><span class=\"x193iq5w xeuugli x13faqbe x1vvkbs x1xmvt09 x6prxxf xvq8zen xo1l8bm xzsf02u\">Projekt je sufinancirala Europska unija iz Europskog socijalnog fonda.<\/span><\/div>\n<div class=\"x1e56ztr\"><span class=\"x193iq5w xeuugli x13faqbe x1vvkbs x1xmvt09 x6prxxf xvq8zen xo1l8bm xzsf02u\">Projekt sufinancira Ured za udruge Vlade Republike Hrvatske.<\/span><\/div>\n<div class=\"x1e56ztr\"><span class=\"x193iq5w xeuugli x13faqbe x1vvkbs x1xmvt09 x6prxxf xvq8zen xo1l8bm xzsf02u\">Sadr\u017eaj objave isklju\u010diva je odgovornost\u00a0<span class=\"xt0psk2\">Za\u0161titarsko-ekolo\u0161ka udruga &#8220;Senjar&#8221; [ ZeuS ]<\/span><\/span><\/div>\n<div class=\"x1e56ztr\"><span class=\"x193iq5w xeuugli x13faqbe x1vvkbs x1xmvt09 x6prxxf xvq8zen xo1l8bm xzsf02u\">Stajali\u0161ta izra\u017eena u ovoj objavi isklju\u010diva su odgovornost\u00a0<span class=\"xt0psk2\">Za\u0161titarsko-ekolo\u0161ka udruga &#8220;Senjar&#8221; [ ZeuS ]<\/span>\u00a0i ne odra\u017eavaju nu\u017eno stajali\u0161te Ureda za udruge Vlade Republike Hrvatske.<\/span><\/div>\n<\/div>\n\n\t\t<style type=\"text\/css\">\n\t\t\t#gallery-1 {\n\t\t\t\tmargin: auto;\n\t\t\t}\n\t\t\t#gallery-1 .gallery-item {\n\t\t\t\tfloat: left;\n\t\t\t\tmargin-top: 10px;\n\t\t\t\ttext-align: center;\n\t\t\t\twidth: 33%;\n\t\t\t}\n\t\t\t#gallery-1 img {\n\t\t\t\tborder: 2px solid #cfcfcf;\n\t\t\t}\n\t\t\t#gallery-1 .gallery-caption {\n\t\t\t\tmargin-left: 0;\n\t\t\t}\n\t\t\t\/* see gallery_shortcode() in wp-includes\/media.php *\/\n\t\t<\/style>\n\t\t<div id='gallery-1' class='gallery galleryid-945 gallery-columns-3 gallery-size-thumbnail'><dl class='gallery-item'>\n\t\t\t<dt class='gallery-icon portrait'>\n\t\t\t\t<a href='https:\/\/zeus-senjar.hr\/web2\/index.php\/2023\/03\/19\/volonterska-aktivnost-izlet-uz-rijeku-muru\/ikt-cloud-io-peti-izlet-2\/'><img width=\"150\" height=\"150\" src=\"https:\/\/zeus-senjar.hr\/web2\/wp-content\/uploads\/2023\/03\/ikt-cloud-io-peti-izlet-2-150x150.jpg\" class=\"attachment-thumbnail size-thumbnail\" alt=\"\" loading=\"lazy\" \/><\/a>\n\t\t\t<\/dt><\/dl><dl class='gallery-item'>\n\t\t\t<dt class='gallery-icon landscape'>\n\t\t\t\t<a href='https:\/\/zeus-senjar.hr\/web2\/index.php\/2023\/03\/19\/volonterska-aktivnost-izlet-uz-rijeku-muru\/ikt-cloud-io-peti-izlet-3\/'><img width=\"150\" height=\"150\" src=\"https:\/\/zeus-senjar.hr\/web2\/wp-content\/uploads\/2023\/03\/ikt-cloud-io-peti-izlet-3-150x150.jpg\" class=\"attachment-thumbnail size-thumbnail\" alt=\"\" loading=\"lazy\" \/><\/a>\n\t\t\t<\/dt><\/dl><dl class='gallery-item'>\n\t\t\t<dt class='gallery-icon landscape'>\n\t\t\t\t<a href='https:\/\/zeus-senjar.hr\/web2\/index.php\/2023\/03\/19\/volonterska-aktivnost-izlet-uz-rijeku-muru\/ikt-cloud-io-peti-izlet-4-2\/'><img width=\"150\" height=\"150\" src=\"https:\/\/zeus-senjar.hr\/web2\/wp-content\/uploads\/2023\/03\/ikt-cloud-io-peti-izlet-4-1-150x150.jpg\" class=\"attachment-thumbnail size-thumbnail\" alt=\"\" loading=\"lazy\" \/><\/a>\n\t\t\t<\/dt><\/dl><br style=\"clear: both\" \/><dl class='gallery-item'>\n\t\t\t<dt class='gallery-icon landscape'>\n\t\t\t\t<a href='https:\/\/zeus-senjar.hr\/web2\/index.php\/2023\/03\/19\/volonterska-aktivnost-izlet-uz-rijeku-muru\/ikt-cloud-io-peti-izlet-5\/'><img width=\"150\" height=\"150\" src=\"https:\/\/zeus-senjar.hr\/web2\/wp-content\/uploads\/2023\/03\/ikt-cloud-io-peti-izlet-5-150x150.jpg\" class=\"attachment-thumbnail size-thumbnail\" alt=\"\" loading=\"lazy\" \/><\/a>\n\t\t\t<\/dt><\/dl><dl class='gallery-item'>\n\t\t\t<dt class='gallery-icon landscape'>\n\t\t\t\t<a href='https:\/\/zeus-senjar.hr\/web2\/index.php\/2023\/03\/19\/volonterska-aktivnost-izlet-uz-rijeku-muru\/ikt-cloud-io-peti-izlet-8\/'><img width=\"150\" height=\"150\" src=\"https:\/\/zeus-senjar.hr\/web2\/wp-content\/uploads\/2023\/03\/ikt-cloud-io-peti-izlet-8-150x150.jpg\" class=\"attachment-thumbnail size-thumbnail\" alt=\"\" loading=\"lazy\" \/><\/a>\n\t\t\t<\/dt><\/dl><dl class='gallery-item'>\n\t\t\t<dt class='gallery-icon landscape'>\n\t\t\t\t<a href='https:\/\/zeus-senjar.hr\/web2\/index.php\/2023\/03\/19\/volonterska-aktivnost-izlet-uz-rijeku-muru\/ikt-cloud-io-peti-izlet-9\/'><img width=\"150\" height=\"150\" src=\"https:\/\/zeus-senjar.hr\/web2\/wp-content\/uploads\/2023\/03\/ikt-cloud-io-peti-izlet-9-150x150.jpg\" class=\"attachment-thumbnail size-thumbnail\" alt=\"\" loading=\"lazy\" \/><\/a>\n\t\t\t<\/dt><\/dl><br style=\"clear: both\" \/><dl class='gallery-item'>\n\t\t\t<dt class='gallery-icon landscape'>\n\t\t\t\t<a href='https:\/\/zeus-senjar.hr\/web2\/index.php\/2023\/03\/19\/volonterska-aktivnost-izlet-uz-rijeku-muru\/ikt-cloud-io-peti-izlet-10\/'><img width=\"150\" height=\"150\" src=\"https:\/\/zeus-senjar.hr\/web2\/wp-content\/uploads\/2023\/03\/ikt-cloud-io-peti-izlet-10-150x150.jpg\" class=\"attachment-thumbnail size-thumbnail\" alt=\"\" loading=\"lazy\" \/><\/a>\n\t\t\t<\/dt><\/dl><dl class='gallery-item'>\n\t\t\t<dt class='gallery-icon landscape'>\n\t\t\t\t<a href='https:\/\/zeus-senjar.hr\/web2\/index.php\/2023\/03\/19\/volonterska-aktivnost-izlet-uz-rijeku-muru\/ikt-cloud-io-peti-izlet-11\/'><img width=\"150\" height=\"150\" src=\"https:\/\/zeus-senjar.hr\/web2\/wp-content\/uploads\/2023\/03\/ikt-cloud-io-peti-izlet-11-150x150.jpg\" class=\"attachment-thumbnail size-thumbnail\" alt=\"\" loading=\"lazy\" \/><\/a>\n\t\t\t<\/dt><\/dl><dl class='gallery-item'>\n\t\t\t<dt class='gallery-icon landscape'>\n\t\t\t\t<a href='https:\/\/zeus-senjar.hr\/web2\/index.php\/2023\/03\/19\/volonterska-aktivnost-izlet-uz-rijeku-muru\/ikt-cloud-io-peti-izlet-12\/'><img width=\"150\" height=\"150\" src=\"https:\/\/zeus-senjar.hr\/web2\/wp-content\/uploads\/2023\/03\/ikt-cloud-io-peti-izlet-12-150x150.jpg\" class=\"attachment-thumbnail size-thumbnail\" alt=\"\" loading=\"lazy\" \/><\/a>\n\t\t\t<\/dt><\/dl><br style=\"clear: both\" \/><dl class='gallery-item'>\n\t\t\t<dt class='gallery-icon landscape'>\n\t\t\t\t<a href='https:\/\/zeus-senjar.hr\/web2\/index.php\/2023\/03\/19\/volonterska-aktivnost-izlet-uz-rijeku-muru\/ikt-cloud-io-peti-izlet-15\/'><img width=\"150\" height=\"150\" src=\"https:\/\/zeus-senjar.hr\/web2\/wp-content\/uploads\/2023\/03\/ikt-cloud-io-peti-izlet-15-150x150.jpg\" class=\"attachment-thumbnail size-thumbnail\" alt=\"\" loading=\"lazy\" \/><\/a>\n\t\t\t<\/dt><\/dl><dl class='gallery-item'>\n\t\t\t<dt class='gallery-icon landscape'>\n\t\t\t\t<a href='https:\/\/zeus-senjar.hr\/web2\/index.php\/2023\/03\/19\/volonterska-aktivnost-izlet-uz-rijeku-muru\/ikt-cloud-io-peti-izlet-16\/'><img width=\"150\" height=\"150\" src=\"https:\/\/zeus-senjar.hr\/web2\/wp-content\/uploads\/2023\/03\/ikt-cloud-io-peti-izlet-16-150x150.jpg\" class=\"attachment-thumbnail size-thumbnail\" alt=\"\" loading=\"lazy\" \/><\/a>\n\t\t\t<\/dt><\/dl>\n\t\t\t<br style='clear: both' \/>\n\t\t<\/div>\n\n<\/div>\n<\/div>\n","protected":false},"excerpt":{"rendered":"<p>U sklopu projekta IKT CLOUD-io planirana je volonterska aktivnost Izleti koja podrazumijeva organizaciju 6 izleta za korisnike partnerskih organizacija Udruga slijepih Me\u0111imurske \u017eupanije i Udruga osoba s intelektualnim te\u0161ko\u0107ama Me\u0111imurske \u017eupanije. Dana 19.3.2023. organiziran je peti izlet na podru\u010dje uz rijeku Muru. U sklopu izleta, korisnici i volonteri posjetili su Med dvemi vodami &#8211; Centar<\/p>\n<div class='read-more-button'><a class='read-more-link' href='https:\/\/zeus-senjar.hr\/web2\/index.php\/2023\/03\/19\/volonterska-aktivnost-izlet-uz-rijeku-muru\/' style='border: 1px solid #2eae37'>Pro\u010ditaj vi\u0161e&#8230;<\/a><\/div>\n","protected":false},"author":1,"featured_media":947,"comment_status":"closed","ping_status":"closed","sticky":false,"template":"","format":"standard","meta":[],"categories":[14,15],"tags":[],"_links":{"self":[{"href":"https:\/\/zeus-senjar.hr\/web2\/index.php\/wp-json\/wp\/v2\/posts\/945"}],"collection":[{"href":"https:\/\/zeus-senjar.hr\/web2\/index.php\/wp-json\/wp\/v2\/posts"}],"about":[{"href":"https:\/\/zeus-senjar.hr\/web2\/index.php\/wp-json\/wp\/v2\/types\/post"}],"author":[{"embeddable":true,"href":"https:\/\/zeus-senjar.hr\/web2\/index.php\/wp-json\/wp\/v2\/users\/1"}],"replies":[{"embeddable":true,"href":"https:\/\/zeus-senjar.hr\/web2\/index.php\/wp-json\/wp\/v2\/comments?post=945"}],"version-history":[{"count":4,"href":"https:\/\/zeus-senjar.hr\/web2\/index.php\/wp-json\/wp\/v2\/posts\/945\/revisions"}],"predecessor-version":[{"id":966,"href":"https:\/\/zeus-senjar.hr\/web2\/index.php\/wp-json\/wp\/v2\/posts\/945\/revisions\/966"}],"wp:featuredmedia":[{"embeddable":true,"href":"https:\/\/zeus-senjar.hr\/web2\/index.php\/wp-json\/wp\/v2\/media\/947"}],"wp:attachment":[{"href":"https:\/\/zeus-senjar.hr\/web2\/index.php\/wp-json\/wp\/v2\/media?parent=945"}],"wp:term":[{"taxonomy":"category","embeddable":true,"href":"https:\/\/zeus-senjar.hr\/web2\/index.php\/wp-json\/wp\/v2\/categories?post=945"},{"taxonomy":"post_tag","embeddable":true,"href":"https:\/\/zeus-senjar.hr\/web2\/index.php\/wp-json\/wp\/v2\/tags?post=945"}],"curies":[{"name":"wp","href":"https:\/\/api.w.org\/{rel}","templated":true}]}}